{"id":111331,"date":"2021-02-15T14:21:45","date_gmt":"2021-02-15T19:21:45","guid":{"rendered":"https:\/\/linitiative.ca\/International\/proces-en-appel-de-vital-kamerhe-les-congolais-nattendent-que-la-verite\/"},"modified":"2021-02-15T14:21:45","modified_gmt":"2021-02-15T19:21:45","slug":"proces-en-appel-de-vital-kamerhe-les-congolais-nattendent-que-la-verite","status":"publish","type":"post","link":"https:\/\/linitiative.ca\/International\/proces-en-appel-de-vital-kamerhe-les-congolais-nattendent-que-la-verite\/","title":{"rendered":"PROCES EN APPEL DE VITAL KAMERHE: Les Congolais n\u2019attendent que la v\u00e9rit\u00e9"},"content":{"rendered":"<p class=\"c4\">Vital Kamerhe, ancien directeur de cabinet et principal alli\u00e9 de F\u00e9lix Tshisekedi, est accus\u00e9 de d\u00e9tournements d\u2019une cinquantaine de millions de dollars destin\u00e9s \u00e0 un des projets d\u2019urgence du chef de l\u2019Etat, \u00e0 savoir le programme dit <em>\u00ab\u00a0des 100 jours\u00a0<\/em>\u00bb. Ce dernier n\u2019\u00e9tait pas le seul sur la sellette. Etaient aussi accus\u00e9s, l\u2019homme d\u2019affaires libanais, Samih Jammal, charg\u00e9 de la construction des maisons pr\u00e9fabriqu\u00e9es et un agent de la pr\u00e9sidence, Jeannot Muhindo, consid\u00e9r\u00e9 comme complice d\u2019une partie des d\u00e9tournements.<\/p>\n<p class=\"c4\">A l\u2019issue du proc\u00e8s en premi\u00e8re instance, Vital Kamerhe \u00e9tait condamn\u00e9 \u00e0 20 ans de travaux forc\u00e9s et \u00e0 10 ans d\u2019in\u00e9ligibilit\u00e9. Etait-ce un proc\u00e8s politique en vue d\u2019\u00e9liminer un concurrent en 2023, comme le pr\u00e9tendent certains? En pareille situation, il y a toujours un ou des coupable(s) car une telle somme ne peut disparaitre comme par enchantement, surtout des plus hautes sph\u00e8res des institutions nationales.<\/p>\n<p class=\"c4\">Mais une chose est s\u00fbre\u00a0et certaine : les Congolais attendent beaucoup du proc\u00e8s en appel qui a d\u00e9but\u00e9 le 15 f\u00e9vrier dernier. La Justice parviendra-t-elle \u00e0 d\u00e9lib\u00e9rer en toute ind\u00e9pendance et impartialit\u00e9\u00a0?<\/p>\n<p class=\"c4\">En attendant, les conjectures vont bon train. D\u2019un c\u00f4t\u00e9, des voix s\u2019\u00e9l\u00e8vent pour accuser le pr\u00e9sident F\u00e9lix Tshisekedi lui-m\u00eame de complicit\u00e9. Ceux qui d\u00e9fendent cette position se fondent sur les propos m\u00eames de Kamerhe, selon lesquels il serait pr\u00eat \u00e0 montrer \u00e0 huis clos, des preuves d\u00e9montrant qu\u2019il a toujours agi sous les ordres de son pr\u00e9sident. Y a \u2013t-il anguille sous roche dans une telle d\u00e9claration\u00a0? Est-il vraisemblable que F\u00e9lix Tshisekedi soit impliqu\u00e9 dans un crime \u00e9conomique aussi ostentatoire que rocambolesque ?<\/p>\n<p class=\"c4\"><strong>Vivement que ce proc\u00e8s serve d\u2019exemple\u00a0!<\/strong><\/p>\n<p class=\"c4\">D\u2019un autre c\u00f4t\u00e9, des conseillers de l\u2019entourage de F\u00e9lix Tshisekedi se plaignaient de la gestion opaque de Vital Kamerhe et de ses d\u00e9penses injustifi\u00e9es. L\u00e2ch\u00e9 par son propre camp, Vital Kamerhe pourrait payer pour certains complices tapis dans l\u2019ombre. Dans ce cas, on ne verrait que la partie \u00e9merg\u00e9e de l\u2019iceberg.<\/p>\n<p class=\"c4\">En fait, on ne le sait que trop bien, les d\u00e9tournements de deniers publics font partie des \u00ab\u00a0<em>jeux favoris\u00a0<\/em>\u00bb de certains dirigeants africains. Pour le cas de la RDC, on sait que le pays est class\u00e9 parmi les plus corrompus au monde. En effet, selon le rapport annuel de 2020 de l\u2019ONG <em>Transparency International<\/em>, la RDC occupe la 168<sup>e<\/sup> place sur 180 pays \u00e9valu\u00e9s, conform\u00e9ment \u00e0 l\u2019indice de perception de la corruption. C\u2019est pourquoi F\u00e9lix Tshisekedi, au d\u00e9but de son mandat, avait fait de la lutte contre la corruption, son cheval de bataille. On ose esp\u00e9rer qu\u2019il ne s\u2019agissait pas d\u2019une d\u00e9claration politicienne pour endormir les consciences et s\u00e9duire les investisseurs \u00e9trangers. Car, \u00e0 l\u2019\u00e9tat actuel des choses, rien ne semble militer en faveur de F\u00e9lix Tshisekedi qui est point\u00e9 du doigt pour sa mauvaise gouvernance financi\u00e8re suppos\u00e9e, au regard des d\u00e9passements budg\u00e9taires de tous ordres dont on l\u2019accuse.<\/p>\n<p class=\"c4\">Vivement que la reprise du proc\u00e8s permette l\u2019\u00e9clatement de la v\u00e9rit\u00e9 dans cette affaire\u00a0! Et que ce proc\u00e8s serve d\u2019exemple \u00e0 tous les criminels ind\u00e9licats et ignobles qui retardent, par leurs agissements cupides, le d\u00e9veloppement des pays d\u2019Afrique\u00a0!<\/p>\n<p class=\"c4\"><strong>Monique NARE<\/strong><\/p>\n<p class=\"c4\"><strong>\u00a0<\/strong><\/p>\n<p>Auteur: Le Pays<br \/>\n<a href=\"https:\/\/lepays.bf\/proces-en-appel-de-vital-kamerhe-les-congolais-nattendent-que-la-verite\/\">Cliquez ici pour lire l&rsquo;article depuis sa source.<\/a><\/p>\n","protected":false},"excerpt":{"rendered":"<p>Vital Kamerhe, ancien directeur de cabinet et principal alli\u00e9 de F\u00e9lix Tshisekedi, est accus\u00e9 de d\u00e9tournements d\u2019une cinquantaine de millions de dollars destin\u00e9s \u00e0 un des projets d\u2019urgence du chef de l\u2019Etat, \u00e0 savoir le programme dit \u00ab\u00a0des 100 jours\u00a0\u00bb. Ce dernier n\u2019\u00e9tait pas le seul sur la sellette. Etaient aussi accus\u00e9s, l\u2019homme d\u2019affaires libanais, [&hellip;]<\/p>\n","protected":false},"author":1813,"featured_media":0,"comment_status":"closed","ping_status":"closed","sticky":false,"template":"","format":"standard","meta":{"fifu_image_url":"","fifu_image_alt":"","footnotes":""},"categories":[73,81],"tags":[],"class_list":["post-111331","post","type-post","status-publish","format-standard","hentry","category-actualite","category-burkina-faso"],"_links":{"self":[{"href":"https:\/\/linitiative.ca\/International\/wp-json\/wp\/v2\/posts\/111331","targetHints":{"allow":["GET"]}}],"collection":[{"href":"https:\/\/linitiative.ca\/International\/wp-json\/wp\/v2\/posts"}],"about":[{"href":"https:\/\/linitiative.ca\/International\/wp-json\/wp\/v2\/types\/post"}],"author":[{"embeddable":true,"href":"https:\/\/linitiative.ca\/International\/wp-json\/wp\/v2\/users\/1813"}],"replies":[{"embeddable":true,"href":"https:\/\/linitiative.ca\/International\/wp-json\/wp\/v2\/comments?post=111331"}],"version-history":[{"count":0,"href":"https:\/\/linitiative.ca\/International\/wp-json\/wp\/v2\/posts\/111331\/revisions"}],"wp:attachment":[{"href":"https:\/\/linitiative.ca\/International\/wp-json\/wp\/v2\/media?parent=111331"}],"wp:term":[{"taxonomy":"category","embeddable":true,"href":"https:\/\/linitiative.ca\/International\/wp-json\/wp\/v2\/categories?post=111331"},{"taxonomy":"post_tag","embeddable":true,"href":"https:\/\/linitiative.ca\/International\/wp-json\/wp\/v2\/tags?post=111331"}],"curies":[{"name":"wp","href":"https:\/\/api.w.org\/{rel}","templated":true}]}}