{"id":111332,"date":"2021-02-15T14:31:36","date_gmt":"2021-02-15T19:31:36","guid":{"rendered":"https:\/\/linitiative.ca\/International\/sommet-de-ndjamena-sur-le-terrorisme-quel-avenir-pour-le-g5-sahel\/"},"modified":"2021-02-15T14:31:36","modified_gmt":"2021-02-15T19:31:36","slug":"sommet-de-ndjamena-sur-le-terrorisme-quel-avenir-pour-le-g5-sahel","status":"publish","type":"post","link":"https:\/\/linitiative.ca\/International\/sommet-de-ndjamena-sur-le-terrorisme-quel-avenir-pour-le-g5-sahel\/","title":{"rendered":"SOMMET DE N\u2019DJAMENA SUR LE TERRORISME : Quel avenir pour le G5 Sahel ?"},"content":{"rendered":"<p class=\"c4\">N\u2019Djamena, la capitale tchadienne, abrite depuis hier, 15 f\u00e9vrier 2021 et ce, pour deux jours, le sommet du G5 Sahel qui r\u00e9unit les pr\u00e9sidents burkinab\u00e8, Roch Marc Christian Kabor\u00e9, nig\u00e9rien, Mahamadou Issoufou, mauritanien, Mohamed Ould Gazouani, malien, Bah N\u2019Daw, autour de leur h\u00f4te tchadien, Idriss D\u00e9by Itno, sur la probl\u00e9matique de la lutte contre le terrorisme dans ladite r\u00e9gion. Un sommet qui s\u2019est ouvert sur fond de manifestations contre un sixi\u00e8me mandat du pr\u00e9sident D\u00e9by.\u00a0Le pr\u00e9sident fran\u00e7ais, Emmanuel Macron, prend part \u00e0 ce sommet par visioconf\u00e9rence, pour, officiellement, des raisons sanitaires li\u00e9es \u00e0 la pand\u00e9mie du coronavirus. L\u2019une des questions fondamentales de ce sommet, est l\u2019avenir de la force fran\u00e7aise Barkhane engag\u00e9e aux c\u00f4t\u00e9s des arm\u00e9es africaines dans la lutte contre les forces du mal dans cette partie du continent noir.<\/p>\n<p class=\"c4\">Mais au-del\u00e0 de la force Barkhane, on peut s\u2019interroger sur l\u2019avenir m\u00eame du G5 Sahel face au p\u00e9ril djihadiste qui semble justifier encore la pr\u00e9sence des forces fran\u00e7aises sur le terrain des op\u00e9rations.<\/p>\n<p class=\"c4\"><strong>C\u2019est \u00e0 se demander si le Sahel n\u2019est pas en train de devenir un bourbier pour les troupes fran\u00e7aises engag\u00e9es au combat<\/strong><\/p>\n<p class=\"c4\">La question est d\u2019autant plus importante qu\u2019entre le sommet de Pau, en France, l\u2019ann\u00e9e derni\u00e8re, et celui de N\u2019Djamena qui se tient en ce moment au Tchad, la probl\u00e9matique de la pr\u00e9sence continuelle de la force fran\u00e7aise au Sahel, revient comme une ritournelle dans laquelle on croit lire une volont\u00e9 de changer son fusil d\u2019\u00e9paule, de la part de la France, dans la lutte contre le terrorisme, \u00e0 d\u00e9faut d\u2019un d\u00e9sengagement pur et simple pour laisser les pays du Sahel \u00e0 leur sort. Dans un premier temps, cela a \u00e9t\u00e9 ressenti dans la \u00ab<em>\u00a0convocation<\/em>\u00a0\u00bb du sommet de Pau, l\u2019ann\u00e9e derni\u00e8re, en raison de la mont\u00e9e, dans les pays du Sahel, d\u2019un sentiment anti-fran\u00e7ais qui frisait, \u00a0pour le locataire de l\u2019Elys\u00e9e, l\u2019ingratitude de la part des Africains.<\/p>\n<p class=\"c4\">Dans un second temps, le sc\u00e9nario qui se dessinait \u00e0 l\u2019or\u00e9e du sommet de N\u2019Djamena, \u00e9tait celui d\u2019un r\u00e9ajustement \u00e0 la baisse des effectifs de Barkhane, auquel le lourd bilan humain pay\u00e9 par la France et qui a rendu une certaine opinion nationale fran\u00e7aise tr\u00e8s critique envers les autorit\u00e9s de Paris, ne semble pas \u00e9tranger. C\u2019est \u00e0 se demander si le Sahel n\u2019est pas, si ce n\u2019est d\u00e9j\u00e0 le cas, en train de devenir un bourbier pour les troupes fran\u00e7aises engag\u00e9es au combat, au point que Paris cherche une porte de sortie pour se d\u00e9charger les \u00e9paules. L\u2019un dans l\u2019autre, on peut ais\u00e9ment comprendre la volont\u00e9 de plus en plus affich\u00e9e de d\u00e9sengagement de la France dans cet espace sah\u00e9lien devenu un v\u00e9ritable gu\u00eapier pour ses troupes qui y laissent r\u00e9guli\u00e8rement des plumes, au contact des forces du mal. M\u00eame si globalement, la France se f\u00e9licite des r\u00e9sultats obtenus\u00a0 et parle \u00ab\u00a0<em>d\u2019un clair renversement du rapport de forces<\/em>\u00a0\u00bb dans la zone dite des trois fronti\u00e8res, entre le Mali, le Burkina Faso et le Niger, o\u00f9 elle avait choisi de concentrer ses efforts au sortir du sommet de Pau. A pr\u00e9sent, il s\u2019agit de capitaliser ces efforts et Paris se voit bien dans le r\u00f4le du p\u00eacheur de gros poissons, qui accentuerait la pression sur la hi\u00e9rarchie des groupes terroristes, au moment o\u00f9 ces derniers nourrissent des ambitions expansionnistes vers les pays du golfe de Guin\u00e9e, \u00e0 en croire le patron de la DGSE sorti, il y a quelques jours, de son silence pour sonner l\u2019alarme.<\/p>\n<p class=\"c4\"><strong>Il est temps, pour les pays du G5 Sahel, de penser \u00e0 s\u2019autonomiser<\/strong><\/p>\n<p class=\"c4\">Pendant ce temps, il est demand\u00e9 aux dirigeants des pays du Sahel de travailler \u00e0 \u00ab <em>compl\u00e9ter la dynamique militaire par un sursaut sur le plan politique et civil<\/em>\u00a0\u00bb, en acc\u00e9l\u00e9rant le retour de l\u2019Etat dans les zones occup\u00e9es et en offrant plus de perspectives aux populations locales \u00e0 travers la mise en \u0153uvre de projets de d\u00e9veloppement. C\u2019est dire si en attendant d\u2019en savoir davantage sur ses conclusions, le sommet de N\u2019Djamena ne manque pas d\u2019int\u00e9r\u00eat.<\/p>\n<p class=\"c4\">Cela dit, si l\u2019avenir de Barkhane continue de questionner du c\u00f4t\u00e9 de Paris, celui du G5 Sahel devrait questionner davantage du c\u00f4t\u00e9 des chefs d\u2019Etat africains. Car, si Paris venait \u00e0 se retirer pr\u00e9matur\u00e9ment du Sahel, ce serait un v\u00e9ritable coup dur pour ses partenaires de cette r\u00e9gion qui ne sont visiblement pas encore totalement outill\u00e9s sur tous les plans, pour faire convenablement face \u00e0 la situation. Mais apr\u00e8s huit ans d\u2019un partenariat solide avec la France voire d\u2019assistanat, il est peut-\u00eatre temps, pour les pays du G5 Sahel, de penser \u00e0 s\u2019autonomiser pour \u00e9viter que la question r\u00e9currente du retrait de ce partenaire privil\u00e9gi\u00e9, soit v\u00e9cue avec angoisse par des dirigeants africains conscients de leurs limites. Car, t\u00f4t ou tard, la France sera appel\u00e9e \u00e0 partir du Sahel. Et, il faudra s\u2019assumer pour faire face \u00e0 la situation.<\/p>\n<p class=\"c4\">En tout \u00e9tat de cause, s\u2019il est vrai que Barkhane n\u2019a pas vocation \u00e0 s\u2019\u00e9terniser au Sahel, il para\u00eet \u00e9vident que plus vite les pays sah\u00e9liens prendront leur destin en main dans la lutte contre le terrorisme, mieux cela vaudra. Il y va de l\u2019int\u00e9r\u00eat de tous. A commencer par les t\u00eates couronn\u00e9es du continent qui sont bien impr\u00e9gn\u00e9es de la sagesse africaine qui enseigne que \u00ab\u00a0<em>quand on dort sur le natte d\u2019autrui, on dort par terre<\/em>\u00a0\u00bb. C\u2019est pourquoi, pour plus d\u2019efficacit\u00e9, il est imp\u00e9ratif, pour la coalition antiterroriste ouest-africaine, de gagner en quantit\u00e9, en s\u2019\u00e9largissant aux pays du littoral tout aussi menac\u00e9s par l\u2019hydre tentaculaire, mais aussi en qualit\u00e9 par la mont\u00e9e en puissance de la force conjointe et des arm\u00e9es nationales respectives. C\u2019est \u00e0 ce prix que l\u2019on pourrait esp\u00e9rer r\u00e9duire <em>a minima<\/em> la marge de man\u0153uvre et la voilure de ces criminels arm\u00e9s sans foi ni loi, qui profitent toujours de la porosit\u00e9 des fronti\u00e8res pour commettre leurs basses besognes.<\/p>\n<p class=\"c4\"><strong>\u00a0<\/strong><\/p>\n<p class=\"c4\"><strong><em>\u00a0\u00ab\u00a0Le Pays\u00a0\u00bb<\/em><\/strong><\/p>\n<p class=\"c4\"><strong>\u00a0<\/strong><\/p>\n<p class=\"c4\"><strong>\u00a0<\/strong><\/p>\n<p>Auteur: Le Pays<br \/>\n<a href=\"https:\/\/lepays.bf\/sommet-de-ndjamena-sur-le-terrorisme-quel-avenir-pour-le-g5-sahel\/\">Cliquez ici pour lire l&rsquo;article depuis sa source.<\/a><\/p>\n","protected":false},"excerpt":{"rendered":"<p>N\u2019Djamena, la capitale tchadienne, abrite depuis hier, 15 f\u00e9vrier 2021 et ce, pour deux jours, le sommet du G5 Sahel qui r\u00e9unit les pr\u00e9sidents burkinab\u00e8, Roch Marc Christian Kabor\u00e9, nig\u00e9rien, Mahamadou Issoufou, mauritanien, Mohamed Ould Gazouani, malien, Bah N\u2019Daw, autour de leur h\u00f4te tchadien, Idriss D\u00e9by Itno, sur la probl\u00e9matique de la lutte contre le [&hellip;]<\/p>\n","protected":false},"author":1813,"featured_media":0,"comment_status":"closed","ping_status":"closed","sticky":false,"template":"","format":"standard","meta":{"fifu_image_url":"","fifu_image_alt":"","footnotes":""},"categories":[73,81],"tags":[],"class_list":["post-111332","post","type-post","status-publish","format-standard","hentry","category-actualite","category-burkina-faso"],"_links":{"self":[{"href":"https:\/\/linitiative.ca\/International\/wp-json\/wp\/v2\/posts\/111332","targetHints":{"allow":["GET"]}}],"collection":[{"href":"https:\/\/linitiative.ca\/International\/wp-json\/wp\/v2\/posts"}],"about":[{"href":"https:\/\/linitiative.ca\/International\/wp-json\/wp\/v2\/types\/post"}],"author":[{"embeddable":true,"href":"https:\/\/linitiative.ca\/International\/wp-json\/wp\/v2\/users\/1813"}],"replies":[{"embeddable":true,"href":"https:\/\/linitiative.ca\/International\/wp-json\/wp\/v2\/comments?post=111332"}],"version-history":[{"count":0,"href":"https:\/\/linitiative.ca\/International\/wp-json\/wp\/v2\/posts\/111332\/revisions"}],"wp:attachment":[{"href":"https:\/\/linitiative.ca\/International\/wp-json\/wp\/v2\/media?parent=111332"}],"wp:term":[{"taxonomy":"category","embeddable":true,"href":"https:\/\/linitiative.ca\/International\/wp-json\/wp\/v2\/categories?post=111332"},{"taxonomy":"post_tag","embeddable":true,"href":"https:\/\/linitiative.ca\/International\/wp-json\/wp\/v2\/tags?post=111332"}],"curies":[{"name":"wp","href":"https:\/\/api.w.org\/{rel}","templated":true}]}}