{"id":111333,"date":"2021-02-15T16:06:44","date_gmt":"2021-02-15T21:06:44","guid":{"rendered":"https:\/\/linitiative.ca\/International\/commission-de-reconciliation-nationale-et-des-reformes-le-ministre-zephirin-diabre-echange-avec-les-membres\/"},"modified":"2021-02-15T16:06:44","modified_gmt":"2021-02-15T21:06:44","slug":"commission-de-reconciliation-nationale-et-des-reformes-le-ministre-zephirin-diabre-echange-avec-les-membres","status":"publish","type":"post","link":"https:\/\/linitiative.ca\/International\/commission-de-reconciliation-nationale-et-des-reformes-le-ministre-zephirin-diabre-echange-avec-les-membres\/","title":{"rendered":"Commission de r\u00e9conciliation nationale et des r\u00e9formes : Le ministre Z\u00e9phirin Diabr\u00e9 \u00e9change avec les membres"},"content":{"rendered":"<div class=\"td-post-featured-image\">\n<figure><a href=\"https:\/\/www.sidwaya.info\/wp-content\/uploads\/2021\/02\/comiision.jpg\" data-caption=\"Le ministre d\u2019Etat en charge de la r\u00e9conciliation nationale, Z\u00e9phirin Diabr\u00e9 a \u00e9chang\u00e9 avec les membres du CNRR sur les conclusions de leurs travaux.\"><img loading=\"lazy\" decoding=\"async\" width=\"696\" height=\"464\" class=\"entry-thumb td-modal-image\" src=\"https:\/\/www.sidwaya.info\/wp-content\/uploads\/2021\/02\/comiision-696x464.jpg\" srcset=\"https:\/\/www.sidwaya.info\/wp-content\/uploads\/2021\/02\/comiision-696x464.jpg 696w, https:\/\/www.sidwaya.info\/wp-content\/uploads\/2021\/02\/comiision-300x200.jpg 300w, https:\/\/www.sidwaya.info\/wp-content\/uploads\/2021\/02\/comiision-768x512.jpg 768w, https:\/\/www.sidwaya.info\/wp-content\/uploads\/2021\/02\/comiision-150x100.jpg 150w, https:\/\/www.sidwaya.info\/wp-content\/uploads\/2021\/02\/comiision-630x420.jpg 630w, https:\/\/www.sidwaya.info\/wp-content\/uploads\/2021\/02\/comiision.jpg 780w\" sizes=\"auto, (max-width: 696px) 100vw, 696px\" alt=\"\" title=\"comiision\"\/><\/a><figcaption class=\"wp-caption-text\">Le ministre d\u2019Etat en charge de la r\u00e9conciliation nationale, Z\u00e9phirin Diabr\u00e9 a \u00e9chang\u00e9 avec les membres du CNRR sur les conclusions de leurs travaux.<\/figcaption><\/figure>\n<\/div>\n<p><strong>Le ministre d\u2019Etat charg\u00e9 de la R\u00e9conciliation nationale et de la Coh\u00e9sion sociale, Z\u00e9phirin Diabr\u00e9, a \u00e9chang\u00e9 avec les membres de la Commission de r\u00e9conciliation nationale et des r\u00e9formes (CNRR) institu\u00e9e sous la Transition en 2015, dans la matin\u00e9e du lundi 15 f\u00e9vrier 2021, \u00e0 Ouagadougou.<\/strong><\/p>\n<p>Nomm\u00e9 le 10 janvier 2021 comme ministre d\u2019Etat charg\u00e9 de la R\u00e9conciliation nationale et de la Coh\u00e9sion sociale, Z\u00e9phirin Diabr\u00e9, entend s\u2019appuyer sur l\u2019\u0153uvre de ses \u00ab\u00a0devanciers\u00a0\u00bb pour r\u00e9ussir sa mission. C\u2019est ainsi qu\u2019il a initi\u00e9 une rencontre avec les membres de la Commission de r\u00e9conciliation nationale et des r\u00e9formes (CNRR) institu\u00e9e sous la Transition politique de 2015, dans la matin\u00e9e du lundi 15 f\u00e9vrier 2021 \u00e0 Ouagadougou. Aux dires de Mgr Paul Ou\u00e9draogo, archev\u00eaque de Bobo-Dioulasso qui a conduit la d\u00e9l\u00e9gation, la rencontre a servi de cadre \u00e0 sa structure pour faire au ministre, le point des conclusions des travaux des diff\u00e9rentes sous-commissions de la CNRR qui ont travaill\u00e9 sur plusieurs th\u00e9matiques pendant la transition.<\/p>\n<p>Il s\u2019agit, a-t-il rappel\u00e9, de la sous-commission v\u00e9rit\u00e9, justice et r\u00e9conciliation, de celle des r\u00e9formes institutionnelles et politiques, de celle charg\u00e9e de la r\u00e9forme du code \u00e9lectoral, de celle des finances publiques et enfin de la sous-commission de gestion des m\u00e9dias. \u00ab\u00a0A l\u2019\u00e9poque, nous avons \u00e9cout\u00e9 les suggestions des Burkinab\u00e8 concernant les r\u00e9formes institutionnelles, politiques, du code \u00e9lectoral, de la gestion, de la communication, etc. Nous avons \u00e9galement \u00e9chang\u00e9 avec un certain nombre de victimes qui nous ont indiqu\u00e9 les conditions dans lesquelles elles seraient pr\u00eates \u00e0 aller \u00e0 la r\u00e9conciliation\u00a0\u00bb, a-t-il confi\u00e9. Poursuivant, il a indiqu\u00e9 que plus de 5 000 dossiers avaient \u00e9t\u00e9 enregistr\u00e9s par sa structure. \u00ab\u00a0Malheureusement, nous n\u2019avons pas eu le temps d\u2019analyser les dossiers.<\/p>\n<p>C\u2019est pourquoi, nous avons recommand\u00e9 la mise en place du Haut conseil pour la r\u00e9conciliation et l\u2019unit\u00e9 nationale (HCRUN) pour traiter les dossiers que nous avons laiss\u00e9s. Nous avons demand\u00e9 aussi la cr\u00e9ation d\u2019une deuxi\u00e8me structure \u00e0 savoir un secr\u00e9tariat technique charg\u00e9 du suivi de la mise en application des r\u00e9formes que nous pr\u00e9conisions\u00a0\u00bb, a-t-il laiss\u00e9 entendre.<\/p>\n<p>Quels \u00e9taient les principaux dossiers enregistr\u00e9s par le CNRR ? A cette question des journalistes, Mgr Ou\u00e9draogo a indiqu\u00e9 que le HCRUN serait le plus habilit\u00e9 pour y r\u00e9pondre parce que, charg\u00e9 de traiter les diff\u00e9rents dossiers. \u00ab Nous n\u2019avons fait qu\u2019enregistrer les dossiers mais c\u2019est le HCRHUN qui s\u2019est charg\u00e9 de les analyser \u00bb, a d\u00e9clar\u00e9 l\u2019archev\u00eaque de Bobo-Dioulasso. Il s\u2019est d\u2019ailleurs r\u00e9joui de savoir que dans les prochains jours, le ministre en charge de la r\u00e9conciliation nationale entend rencontrer les membres du HCHRUN. \u00ab Le ministre d\u2019Etat charg\u00e9 de la R\u00e9conciliation voulait nous rencontrer d\u2019abord pour \u00e9changer sur ce que nous avons partag\u00e9 entre nous au niveau de la CNRR. Mais puisqu\u2019il sait que le travail s\u2019est poursuivi avec le HCHRUN, il les rencontrera certainement dans les jours \u00e0 venir pour savoir o\u00f9 ils en sont avec le travail qui leur a \u00e9t\u00e9 confi\u00e9 \u00bb, a-t-il soutenu.<\/p>\n<p class=\"c1\"><strong>Nad\u00e8ge YAMEOGO<\/strong><\/p>\n<div class=\"td-a-rec td-a-rec-id-content_bottom tdi_33_a86 td_block_template_1\">\n<p><img loading=\"lazy\" decoding=\"async\" class=\"aligncenter size-full wp-image-27454\" src=\"https:\/\/www.sidwaya.info\/wp-content\/uploads\/2020\/10\/PUB-Bandeau-paiement-mobile-siteweb.jpg\" alt=\"\" width=\"728\" height=\"90\"\/><\/div>\n<p>Auteur: JK. Sidwaya<br \/>\n<a href=\"https:\/\/www.sidwaya.info\/blog\/2021\/02\/15\/commission-de-reconciliation-nationale-et-des-reformes-le-ministre-zephirin-diabre-echange-avec-les-membres\/\">Cliquez ici pour lire l&rsquo;article depuis sa source.<\/a><\/p>\n","protected":false},"excerpt":{"rendered":"<p>Le ministre d\u2019Etat en charge de la r\u00e9conciliation nationale, Z\u00e9phirin Diabr\u00e9 a \u00e9chang\u00e9 avec les membres du CNRR sur les conclusions de leurs travaux. Le ministre d\u2019Etat charg\u00e9 de la R\u00e9conciliation nationale et de la Coh\u00e9sion sociale, Z\u00e9phirin Diabr\u00e9, a \u00e9chang\u00e9 avec les membres de la Commission de r\u00e9conciliation nationale et des r\u00e9formes (CNRR) institu\u00e9e [&hellip;]<\/p>\n","protected":false},"author":1816,"featured_media":0,"comment_status":"closed","ping_status":"closed","sticky":false,"template":"","format":"standard","meta":{"fifu_image_url":"https:\/\/www.sidwaya.info\/wp-content\/uploads\/2021\/02\/comiision-696x464.jpg","fifu_image_alt":"Commission de r\u00e9conciliation nationale et des r\u00e9formes : Le ministre Z\u00e9phirin Diabr\u00e9 \u00e9change avec les membres","footnotes":""},"categories":[73,81],"tags":[],"class_list":["post-111333","post","type-post","status-publish","format-standard","hentry","category-actualite","category-burkina-faso"],"_links":{"self":[{"href":"https:\/\/linitiative.ca\/International\/wp-json\/wp\/v2\/posts\/111333","targetHints":{"allow":["GET"]}}],"collection":[{"href":"https:\/\/linitiative.ca\/International\/wp-json\/wp\/v2\/posts"}],"about":[{"href":"https:\/\/linitiative.ca\/International\/wp-json\/wp\/v2\/types\/post"}],"author":[{"embeddable":true,"href":"https:\/\/linitiative.ca\/International\/wp-json\/wp\/v2\/users\/1816"}],"replies":[{"embeddable":true,"href":"https:\/\/linitiative.ca\/International\/wp-json\/wp\/v2\/comments?post=111333"}],"version-history":[{"count":0,"href":"https:\/\/linitiative.ca\/International\/wp-json\/wp\/v2\/posts\/111333\/revisions"}],"wp:attachment":[{"href":"https:\/\/linitiative.ca\/International\/wp-json\/wp\/v2\/media?parent=111333"}],"wp:term":[{"taxonomy":"category","embeddable":true,"href":"https:\/\/linitiative.ca\/International\/wp-json\/wp\/v2\/categories?post=111333"},{"taxonomy":"post_tag","embeddable":true,"href":"https:\/\/linitiative.ca\/International\/wp-json\/wp\/v2\/tags?post=111333"}],"curies":[{"name":"wp","href":"https:\/\/api.w.org\/{rel}","templated":true}]}}