{"id":111334,"date":"2021-02-15T16:16:30","date_gmt":"2021-02-15T21:16:30","guid":{"rendered":"https:\/\/linitiative.ca\/International\/nouveau-plan-de-riposte-a-la-covid-19-le-comite-national-a-la-rencontre-des-acteurs-du-sud-ouest\/"},"modified":"2021-02-15T16:16:30","modified_gmt":"2021-02-15T21:16:30","slug":"nouveau-plan-de-riposte-a-la-covid-19-le-comite-national-a-la-rencontre-des-acteurs-du-sud-ouest","status":"publish","type":"post","link":"https:\/\/linitiative.ca\/International\/nouveau-plan-de-riposte-a-la-covid-19-le-comite-national-a-la-rencontre-des-acteurs-du-sud-ouest\/","title":{"rendered":"Nouveau plan de riposte \u00e0 la COVID-19 : Le comit\u00e9 national \u00e0 la rencontre  des acteurs du Sud-Ouest"},"content":{"rendered":"<div class=\"td-post-featured-image\">\n<figure><a href=\"https:\/\/www.sidwaya.info\/wp-content\/uploads\/2021\/02\/coronavirus2.jpg\" data-caption=\"Le gouverneur du Sud-Ouest, Wendinmanegd\u00e9 Emmanuel Zongo, a appel\u00e9 les populations a toujours observer les mesures-barri\u00e8res contre la COVID-19\"><img loading=\"lazy\" decoding=\"async\" width=\"696\" height=\"581\" class=\"entry-thumb td-modal-image\" src=\"https:\/\/www.sidwaya.info\/wp-content\/uploads\/2021\/02\/coronavirus2-696x581.jpg\" srcset=\"https:\/\/www.sidwaya.info\/wp-content\/uploads\/2021\/02\/coronavirus2-696x581.jpg 696w, https:\/\/www.sidwaya.info\/wp-content\/uploads\/2021\/02\/coronavirus2-300x250.jpg 300w, https:\/\/www.sidwaya.info\/wp-content\/uploads\/2021\/02\/coronavirus2-768x641.jpg 768w, https:\/\/www.sidwaya.info\/wp-content\/uploads\/2021\/02\/coronavirus2-150x125.jpg 150w, https:\/\/www.sidwaya.info\/wp-content\/uploads\/2021\/02\/coronavirus2-503x420.jpg 503w, https:\/\/www.sidwaya.info\/wp-content\/uploads\/2021\/02\/coronavirus2.jpg 780w\" sizes=\"auto, (max-width: 696px) 100vw, 696px\" alt=\"\" title=\"coronavirus2\"\/><\/a><figcaption class=\"wp-caption-text\">Le gouverneur du Sud-Ouest, Wendinmanegd\u00e9 Emmanuel Zongo, a appel\u00e9 les populations a toujours observer les mesures-barri\u00e8res contre la COVID-19<\/figcaption><\/figure>\n<\/div>\n<p><strong>Le Comit\u00e9 national de gestion de la crise de la pand\u00e9mie de COVID-19 a \u00e9chang\u00e9, le mercredi 10 f\u00e9vrier 2021 \u00e0 Gaoua, avec les membres du comit\u00e9 r\u00e9gional de gestion des \u00e9pid\u00e9mies du Sud-oOuest. La rencontre a permis de faire le bilan des actions men\u00e9es dans la r\u00e9gion et recueillir les difficult\u00e9s rencontr\u00e9es, en perspective \u00e0 l\u2019\u00e9laboration du nouveau plan de riposte.<\/strong><\/p>\n<p>La r\u00e9gion du Sud-Ouest a enregistr\u00e9 depuis le 27 mars 2020, 103 cas de la maladie \u00e0 coronavirus dont 4 cas encore actifs. Ces chiffres, bien que satisfaisants pour le gouverneur de la r\u00e9gion du Sud-Ouest, Wendinmanegd\u00e9 Emmanuel Zongo, ne doivent pas cacher les difficult\u00e9s que le comit\u00e9 r\u00e9gional de gestion des \u00e9pid\u00e9mies en charge de la lutte contre le coronavirus rencontre. C\u2019est dans le but de prendre connaissance du fonctionnement de ce comit\u00e9 r\u00e9gional, que le comit\u00e9 national de gestion de la crise de la pand\u00e9mie de COVID-19 (CNGCP COVID-19) a tenu, le mercredi 10 f\u00e9vrier 2021 \u00e0 Gaoua, une rencontre d\u2019\u00e9changes avec les acteurs r\u00e9gionaux.<\/p>\n<p>Le gouverneur du Sud-Ouest, par ailleurs pr\u00e9sident du comit\u00e9 r\u00e9gional, a indiqu\u00e9 que les difficult\u00e9s concernent notamment le contr\u00f4le des fronti\u00e8res avec le Ghana et la C\u00f4te d\u2019Ivoire. \u00abSur ces fronti\u00e8res, ce n\u2019est pas toujours facile pour nous de contenir les passages clandestins \u00bb, a-t-il expliqu\u00e9. Wendinmanegd\u00e9 Emmanuel Zongo a confi\u00e9 que le comit\u00e9 r\u00e9gional a demand\u00e9 \u00e9galement plus de moyens pour r\u00e9aliser les activit\u00e9s programm\u00e9es. Le secr\u00e9taire ex\u00e9cutif du comit\u00e9 national, Col-Major Naba Th\u00e9odore Pal\u00e9 a dit sa satisfaction quant aux r\u00e9sultats engrang\u00e9s dans le Sud-Ouest.<\/p>\n<h3>88 centres de traitement am\u00e9nag\u00e9s<\/h3>\n<figure id=\"attachment_32432\" aria-describedby=\"caption-attachment-32432\" class=\"wp-caption alignleft c1\"><img decoding=\"async\" loading=\"lazy\" class=\"size-medium wp-image-32432\" src=\"https:\/\/www.sidwaya.info\/wp-content\/uploads\/2021\/02\/coronavirus-300x256.jpg\" alt=\"\" width=\"300\" height=\"256\" srcset=\"https:\/\/www.sidwaya.info\/wp-content\/uploads\/2021\/02\/coronavirus-300x256.jpg 300w, https:\/\/www.sidwaya.info\/wp-content\/uploads\/2021\/02\/coronavirus-768x656.jpg 768w, https:\/\/www.sidwaya.info\/wp-content\/uploads\/2021\/02\/coronavirus-150x128.jpg 150w, https:\/\/www.sidwaya.info\/wp-content\/uploads\/2021\/02\/coronavirus-696x594.jpg 696w, https:\/\/www.sidwaya.info\/wp-content\/uploads\/2021\/02\/coronavirus-492x420.jpg 492w, https:\/\/www.sidwaya.info\/wp-content\/uploads\/2021\/02\/coronavirus.jpg 780w\" sizes=\"auto, (max-width: 300px) 100vw, 300px\"\/><figcaption id=\"caption-attachment-32432\" class=\"wp-caption-text\">Le secr\u00e9taire ex\u00e9cutif du comit\u00e9 national de gestion de la crise de la pand\u00e9mie de COVID-19, Col-Major Naba Th\u00e9odore Pal\u00e9 : \u00abNotre mission est de tourner dans les r\u00e9gions pour voir comment fonctionnent les comit\u00e9s r\u00e9gionaux \u00bb<\/figcaption><\/figure>\n<p>\u00ab Nous sommes \u00e0 la fin de la mise en \u0153uvre du premier plan, celui de 2020, pour lequel nous faisons le bilan pour lancer un nouveau. La tourn\u00e9e que nous menons vise \u00e0 voir comment les comit\u00e9s r\u00e9gionaux se sont d\u00e9brouill\u00e9s pour qu\u2019ensemble nous puissions prendre en compte les difficult\u00e9s dans le nouveau plan \u00bb, a laiss\u00e9 entendre Col-Major Naba Th\u00e9odore Pal\u00e9 qui a esp\u00e9r\u00e9 une meilleure structuration des comit\u00e9s r\u00e9gionaux avec la prise en compte des aspects sectoriels, sociaux et \u00e9conomiques.<\/p>\n<p>Au cours de la rencontre, les attributions, le fonctionnement et les difficult\u00e9s du CNGCP COVID-19 ont \u00e9t\u00e9 pr\u00e9sent\u00e9s aux membres du comit\u00e9 r\u00e9gional. En perspective, le secr\u00e9taire ex\u00e9cutif a not\u00e9 le renforcement de la communication sur la strat\u00e9gie vaccinale, le point des dons et les d\u00e9fis de financement, l\u2019\u00e9laboration d\u2019une strat\u00e9gie de d\u00e9nonciation des fausses informations sur la maladie. Sur la situation de la COVID-19 au Burkina Faso, le directeur g\u00e9n\u00e9ral de la sant\u00e9 publique, Emmanuel Seini, a fait savoir qu\u2019\u00e0 la date du 6 f\u00e9vrier 2021, 11 285 cas confirm\u00e9s ont \u00e9t\u00e9 enregistr\u00e9s avec 134 d\u00e9c\u00e8s.<\/p>\n<p>A l\u2019\u00e9couter, d\u00e8s sa mise en place, le comit\u00e9 national a adopt\u00e9 la strat\u00e9gie de \u00ab tester, suivre et traiter \u00bb. A cet effet, 88 centres de traitement ont \u00e9t\u00e9 am\u00e9nag\u00e9s, 357 lits d\u00e9di\u00e9s \u00e0 la COVID-19 acquis ainsi que 7 lits de soins intensifs. Toutefois, le directeur g\u00e9n\u00e9ral de la sant\u00e9 publique a relev\u00e9 des difficult\u00e9s qui entravent le bon d\u00e9roulement du plan de riposte.<br \/>Il s\u2019agit notamment des ruptures ou risques de ruptures de certains laboratoires dans les r\u00e9gions, l\u2019augmentation du nombre de cas avec pour cons\u00e9quence une demande trop forte pour les laboratoires, le non-respect des mesures de pr\u00e9ventions par les populations. Tout en f\u00e9licitant les populations, les acteurs de la sant\u00e9 et les partenaires pour les r\u00e9sultats enregistr\u00e9s, le gouverneur a appel\u00e9 \u00e0 plus d\u2019observation des mesures- barri\u00e8res, car, dit-il, c\u2019est la seule mani\u00e8re de lutter efficacement contre la maladie \u00e0 coronavirus.<\/p>\n<p class=\"c2\"><strong>Joseph HARO<\/strong><\/p>\n<div class=\"td-a-rec td-a-rec-id-content_bottom tdi_33_000 td_block_template_1\">\n<p><img loading=\"lazy\" decoding=\"async\" class=\"aligncenter size-full wp-image-27454\" src=\"https:\/\/www.sidwaya.info\/wp-content\/uploads\/2020\/10\/PUB-Bandeau-paiement-mobile-siteweb.jpg\" alt=\"\" width=\"728\" height=\"90\"\/><\/div>\n<p>Auteur: JK. Sidwaya<br \/>\n<a href=\"https:\/\/www.sidwaya.info\/blog\/2021\/02\/15\/nouveau-plan-de-riposte-a-la-covid-19-le-comite-national-a-la-rencontre-des-acteurs-du-sud-ouest\/\">Cliquez ici pour lire l&rsquo;article depuis sa source.<\/a><\/p>\n","protected":false},"excerpt":{"rendered":"<p>Le gouverneur du Sud-Ouest, Wendinmanegd\u00e9 Emmanuel Zongo, a appel\u00e9 les populations a toujours observer les mesures-barri\u00e8res contre la COVID-19 Le Comit\u00e9 national de gestion de la crise de la pand\u00e9mie de COVID-19 a \u00e9chang\u00e9, le mercredi 10 f\u00e9vrier 2021 \u00e0 Gaoua, avec les membres du comit\u00e9 r\u00e9gional de gestion des \u00e9pid\u00e9mies du Sud-oOuest. La rencontre [&hellip;]<\/p>\n","protected":false},"author":1816,"featured_media":0,"comment_status":"closed","ping_status":"closed","sticky":false,"template":"","format":"standard","meta":{"fifu_image_url":"https:\/\/www.sidwaya.info\/wp-content\/uploads\/2021\/02\/coronavirus2-696x581.jpg","fifu_image_alt":"Nouveau plan de riposte \u00e0 la COVID-19 : Le comit\u00e9 national \u00e0 la rencontre  des acteurs du Sud-Ouest","footnotes":""},"categories":[73,81],"tags":[],"class_list":["post-111334","post","type-post","status-publish","format-standard","hentry","category-actualite","category-burkina-faso"],"_links":{"self":[{"href":"https:\/\/linitiative.ca\/International\/wp-json\/wp\/v2\/posts\/111334","targetHints":{"allow":["GET"]}}],"collection":[{"href":"https:\/\/linitiative.ca\/International\/wp-json\/wp\/v2\/posts"}],"about":[{"href":"https:\/\/linitiative.ca\/International\/wp-json\/wp\/v2\/types\/post"}],"author":[{"embeddable":true,"href":"https:\/\/linitiative.ca\/International\/wp-json\/wp\/v2\/users\/1816"}],"replies":[{"embeddable":true,"href":"https:\/\/linitiative.ca\/International\/wp-json\/wp\/v2\/comments?post=111334"}],"version-history":[{"count":0,"href":"https:\/\/linitiative.ca\/International\/wp-json\/wp\/v2\/posts\/111334\/revisions"}],"wp:attachment":[{"href":"https:\/\/linitiative.ca\/International\/wp-json\/wp\/v2\/media?parent=111334"}],"wp:term":[{"taxonomy":"category","embeddable":true,"href":"https:\/\/linitiative.ca\/International\/wp-json\/wp\/v2\/categories?post=111334"},{"taxonomy":"post_tag","embeddable":true,"href":"https:\/\/linitiative.ca\/International\/wp-json\/wp\/v2\/tags?post=111334"}],"curies":[{"name":"wp","href":"https:\/\/api.w.org\/{rel}","templated":true}]}}