{"id":111339,"date":"2021-02-15T13:10:33","date_gmt":"2021-02-15T18:10:33","guid":{"rendered":"https:\/\/linitiative.ca\/International\/cameroun-torture-dun-civil-a-ndu-des-elements-des-forces-de-defense-et-de-securite-aux-arrets\/"},"modified":"2021-02-15T13:10:33","modified_gmt":"2021-02-15T18:10:33","slug":"cameroun-torture-dun-civil-a-ndu-des-elements-des-forces-de-defense-et-de-securite-aux-arrets","status":"publish","type":"post","link":"https:\/\/linitiative.ca\/International\/cameroun-torture-dun-civil-a-ndu-des-elements-des-forces-de-defense-et-de-securite-aux-arrets\/","title":{"rendered":"Cameroun \u2013 torture d\u2019un civil \u00e0 NDU : des \u00e9l\u00e9ments des forces de d\u00e9fense et de s\u00e9curit\u00e9 aux arr\u00eats"},"content":{"rendered":"<div readability=\"32\">\n<p>Publi\u00e9 le 15.02.2021 \u00e0 19h10 par Christian Djimadeu<\/p>\n<\/div>\n<div readability=\"61\">\n<h2 class=\"c8\">Le ministre d\u00e9l\u00e9gu\u00e9 charg\u00e9 de la D\u00e9fense indique dans un communiqu\u00e9 publi\u00e9 ce 15 f\u00e9vrier\u00a0 2021, \u00a0\u00a0que les premi\u00e8res investigations r\u00e9v\u00e8lent que deux gendarmes, deux soldats et quatre policiers sont responsables de la torture du civil soup\u00e7onn\u00e9 d\u2019\u00eatre un relais criminel et terroriste.<\/h2>\n<p class=\"c9\">Joseph B\u00e9ti Assomo, le ministre d\u00e9l\u00e9gu\u00e9 charg\u00e9 de la D\u00e9fense (Mindef) donne des pr\u00e9cisions sur l\u2019affaire de la vid\u00e9o de torture d\u2019un civil \u00e0 Ndu, d\u00e9partement du Donga-Mantung, dans la r\u00e9gion du Nord-Ouest le samedi 13 f\u00e9vrier 2021. Dans un communiqu\u00e9 publi\u00e9 ce jour, il indique que les premi\u00e8res investigations mettent en cause deux gendarmes, deux soldats et quatre policiers.<\/p>\n<p class=\"c9\">\u00ab\u00a0<em>Les premi\u00e8res investigations men\u00e9es ont conduit \u00e0 l\u2019identification de la victime, le nomm\u00e9 Jean FAI FUNGONG, soup\u00e7onn\u00e9 d\u2019\u00eatre un relais criminel et terroriste local a de m\u00eame \u00e9t\u00e9 ais\u00e9 au Commandement d\u2019identifier les \u00e9l\u00e9ments des Forces de D\u00e9fense et de S\u00e9curit\u00e9 compromis dans cet acte inacceptable. Il s\u2019agit pour instant de deux (02) Gendarmes, deux (02) Soldats et quatre (04) policiers\u00a0<\/em>\u00bb, \u00e9crit le Mindef.<\/p>\n<p class=\"c9\">Le membre du gouvernement fait savoir que les concern\u00e9s ont \u00e9t\u00e9 mis aux arr\u00eats \u00e0 la Brigade territoriale de gendarmerie de NDU, sur son \u00a0instruction. \u00ab<em>\u00a0Les enqu\u00eates disciplinaires, administratives et judiciaires prescrites par le Haut Commandement et ouvertes par les Autorit\u00e9s administratives locales et les Forces de D\u00e9fense et de S\u00e9curit\u00e9, permettront de pr\u00e9ciser les contours de ces intol\u00e9rables agissements, en rupture avec d\u2019une part le respect des r\u00e9gl\u00e9s d\u2019engagement, et d\u2019autre part la protection des droits Humains, principes cardinaux auxquels les \u00e9l\u00e9ments des Forces de D\u00e9fense et de S\u00e9curit\u00e9 sont fermement astreints\u00a0<\/em>\u00bb, pr\u00e9cise le Joseph B\u00e9ti Assomo.<\/p>\n<\/div>\n<p>Auteur: Christian DJIMADEU<br \/>\n<a href=\"https:\/\/www.journalducameroun.com\/cameroun-torture-dun-civil-a-ndu-des-elements-des-forces-de-defense-et-de-securite-aux-arrets-cameroun\/\">Cliquez ici pour lire l&rsquo;article depuis sa source.<\/a><\/p>\n","protected":false},"excerpt":{"rendered":"<p>Publi\u00e9 le 15.02.2021 \u00e0 19h10 par Christian Djimadeu Le ministre d\u00e9l\u00e9gu\u00e9 charg\u00e9 de la D\u00e9fense indique dans un communiqu\u00e9 publi\u00e9 ce 15 f\u00e9vrier\u00a0 2021, \u00a0\u00a0que les premi\u00e8res investigations r\u00e9v\u00e8lent que deux gendarmes, deux soldats et quatre policiers sont responsables de la torture du civil soup\u00e7onn\u00e9 d\u2019\u00eatre un relais criminel et terroriste. Joseph B\u00e9ti Assomo, le [&hellip;]<\/p>\n","protected":false},"author":1965,"featured_media":0,"comment_status":"closed","ping_status":"closed","sticky":false,"template":"","format":"standard","meta":{"fifu_image_url":"","fifu_image_alt":"","footnotes":""},"categories":[73,82],"tags":[],"class_list":["post-111339","post","type-post","status-publish","format-standard","hentry","category-actualite","category-cameroun"],"_links":{"self":[{"href":"https:\/\/linitiative.ca\/International\/wp-json\/wp\/v2\/posts\/111339","targetHints":{"allow":["GET"]}}],"collection":[{"href":"https:\/\/linitiative.ca\/International\/wp-json\/wp\/v2\/posts"}],"about":[{"href":"https:\/\/linitiative.ca\/International\/wp-json\/wp\/v2\/types\/post"}],"author":[{"embeddable":true,"href":"https:\/\/linitiative.ca\/International\/wp-json\/wp\/v2\/users\/1965"}],"replies":[{"embeddable":true,"href":"https:\/\/linitiative.ca\/International\/wp-json\/wp\/v2\/comments?post=111339"}],"version-history":[{"count":0,"href":"https:\/\/linitiative.ca\/International\/wp-json\/wp\/v2\/posts\/111339\/revisions"}],"wp:attachment":[{"href":"https:\/\/linitiative.ca\/International\/wp-json\/wp\/v2\/media?parent=111339"}],"wp:term":[{"taxonomy":"category","embeddable":true,"href":"https:\/\/linitiative.ca\/International\/wp-json\/wp\/v2\/categories?post=111339"},{"taxonomy":"post_tag","embeddable":true,"href":"https:\/\/linitiative.ca\/International\/wp-json\/wp\/v2\/tags?post=111339"}],"curies":[{"name":"wp","href":"https:\/\/api.w.org\/{rel}","templated":true}]}}