{"id":111340,"date":"2021-02-15T13:18:03","date_gmt":"2021-02-15T18:18:03","guid":{"rendered":"https:\/\/linitiative.ca\/International\/le-rwanda-et-la-rdc-discutent-de-securite-daccords-bilateraux\/"},"modified":"2021-02-15T13:18:03","modified_gmt":"2021-02-15T18:18:03","slug":"le-rwanda-et-la-rdc-discutent-de-securite-daccords-bilateraux","status":"publish","type":"post","link":"https:\/\/linitiative.ca\/International\/le-rwanda-et-la-rdc-discutent-de-securite-daccords-bilateraux\/","title":{"rendered":"Le Rwanda et la RDC discutent de s\u00e9curit\u00e9 d\u2019accords bilat\u00e9raux"},"content":{"rendered":"<div readability=\"32\">\n<p>Publi\u00e9 le 15.02.2021 \u00e0 19h18 par APA News<\/p>\n<\/div>\n<div readability=\"83\">\n<p>Le Rwanda est pr\u00eat \u00e0 renforcer ses liens de s\u00e9curit\u00e9 avec la R\u00e9publique d\u00e9mocratique du Congo (RDC) voisine, pour \u00e9radiquer les milices terroristes arm\u00e9es dans la r\u00e9gion.Selon l\u2019une des r\u00e9solutions d\u2019une r\u00e9union bilat\u00e9rale de deux jours qui s\u2019est ouverte dimanche \u00e0 Kigali, les responsables de la s\u00e9curit\u00e9 des deux pays ont \u00e9voqu\u00e9 les questions de s\u00e9curit\u00e9 d\u2019int\u00e9r\u00eats communs, indique un communiqu\u00e9 partag\u00e9 dimanche par APA \u00e0 Kigali.<\/p>\n<p>La d\u00e9l\u00e9gation du Rwanda est dirig\u00e9e par le chef d\u2019\u00e9tat-major de la d\u00e9fense (CEMD), le g\u00e9n\u00e9ral Jean-Bosco Kazura, tandis que la d\u00e9l\u00e9gation congolaise est dirig\u00e9e par Fran\u00e7ois Beya, conseiller sp\u00e9cial du pr\u00e9sident F\u00e9lix Tshisekedi pour les affaires de s\u00e9curit\u00e9.<\/p>\n<p>\u00a0S\u2019exprimant \u00e0 cette occasion, le g\u00e9n\u00e9ral Kazura a fait remarquer que les chefs d\u2019\u00c9tat des deux pays, les pr\u00e9sidents Paul Kagame et Felic Tshisekedi, nous ont \u00ab mandat\u00e9s \u00bb pour nous rencontrer r\u00e9guli\u00e8rement, discuter et trouver des moyens de faire tout ce qui est n\u00e9cessaire \u00ab pour que nos pays travaillent ensemble et se d\u00e9veloppent ensemble\u00a0\u00bb.<\/p>\n<p>\u00a0\u00ab Et quand les gens collaborent et travaillent ensemble, il n\u2019y a rien d\u2019impossible \u00e0 r\u00e9aliser \u00bb, a d\u00e9clar\u00e9 l\u2019officier sup\u00e9rieur rwandais.<\/p>\n<p>\u00a0Le pr\u00e9sident de la RD Congo, F\u00e9lix Tshisekedi, s\u2019est engag\u00e9 \u00e0 aborder un large \u00e9ventail de questions dans son pays, y compris la guerre et l\u2019ins\u00e9curit\u00e9.<\/p>\n<p>\u00a0Dans un effort pour apporter la paix, la s\u00e9r\u00e9nit\u00e9 et le calme \u00e0 l\u2019est de la RD Congo, l\u2019arm\u00e9e congolaise s\u2019est d\u00e9plac\u00e9e ces deux derni\u00e8res ann\u00e9es de mani\u00e8re ind\u00e9cise et a combattu les milices anti-rwandaises bas\u00e9es l\u00e0-bas.<\/p>\n<p>\u00a0Commentant ces op\u00e9rations militaires, Jean-Claude Kamb, un officier sup\u00e9rieur du renseignement congolais a d\u00e9clar\u00e9 : \u00ab nous sommes tr\u00e8s optimistes quant aux op\u00e9rations militaires visant \u00e0 neutraliser toutes ces forces n\u00e9gatives \u00bb.<\/p>\n<p>\u00a0\u00ab\u00a0Nous sommes ici sous la direction de nos deux chefs d\u2019\u00c9tat. Nous sommes r\u00e9unis pour \u00e9changer sur la menace commune qui affecte les deux Etats ; en termes de terroristes, de propagande n\u00e9gative \u00bb, a-t-il d\u00e9clar\u00e9.<\/p>\n<\/div>\n<p>Auteur: APA News<br \/>\n<a href=\"https:\/\/www.journalducameroun.com\/le-rwanda-et-la-rdc-discutent-de-securite-daccords-bilateraux\/\">Cliquez ici pour lire l&rsquo;article depuis sa source.<\/a><\/p>\n","protected":false},"excerpt":{"rendered":"<p>Publi\u00e9 le 15.02.2021 \u00e0 19h18 par APA News Le Rwanda est pr\u00eat \u00e0 renforcer ses liens de s\u00e9curit\u00e9 avec la R\u00e9publique d\u00e9mocratique du Congo (RDC) voisine, pour \u00e9radiquer les milices terroristes arm\u00e9es dans la r\u00e9gion.Selon l\u2019une des r\u00e9solutions d\u2019une r\u00e9union bilat\u00e9rale de deux jours qui s\u2019est ouverte dimanche \u00e0 Kigali, les responsables de la s\u00e9curit\u00e9 [&hellip;]<\/p>\n","protected":false},"author":1965,"featured_media":0,"comment_status":"closed","ping_status":"closed","sticky":false,"template":"","format":"standard","meta":{"fifu_image_url":"","fifu_image_alt":"","footnotes":""},"categories":[73,82],"tags":[],"class_list":["post-111340","post","type-post","status-publish","format-standard","hentry","category-actualite","category-cameroun"],"_links":{"self":[{"href":"https:\/\/linitiative.ca\/International\/wp-json\/wp\/v2\/posts\/111340","targetHints":{"allow":["GET"]}}],"collection":[{"href":"https:\/\/linitiative.ca\/International\/wp-json\/wp\/v2\/posts"}],"about":[{"href":"https:\/\/linitiative.ca\/International\/wp-json\/wp\/v2\/types\/post"}],"author":[{"embeddable":true,"href":"https:\/\/linitiative.ca\/International\/wp-json\/wp\/v2\/users\/1965"}],"replies":[{"embeddable":true,"href":"https:\/\/linitiative.ca\/International\/wp-json\/wp\/v2\/comments?post=111340"}],"version-history":[{"count":0,"href":"https:\/\/linitiative.ca\/International\/wp-json\/wp\/v2\/posts\/111340\/revisions"}],"wp:attachment":[{"href":"https:\/\/linitiative.ca\/International\/wp-json\/wp\/v2\/media?parent=111340"}],"wp:term":[{"taxonomy":"category","embeddable":true,"href":"https:\/\/linitiative.ca\/International\/wp-json\/wp\/v2\/categories?post=111340"},{"taxonomy":"post_tag","embeddable":true,"href":"https:\/\/linitiative.ca\/International\/wp-json\/wp\/v2\/tags?post=111340"}],"curies":[{"name":"wp","href":"https:\/\/api.w.org\/{rel}","templated":true}]}}