{"id":111342,"date":"2021-02-15T16:39:42","date_gmt":"2021-02-15T21:39:42","guid":{"rendered":"https:\/\/linitiative.ca\/International\/cameroun-au-moins-5-morts-dans-un-accident-de-la-circulation-sur-la-falaise-de-ngaoundere\/"},"modified":"2021-02-15T16:39:42","modified_gmt":"2021-02-15T21:39:42","slug":"cameroun-au-moins-5-morts-dans-un-accident-de-la-circulation-sur-la-falaise-de-ngaoundere","status":"publish","type":"post","link":"https:\/\/linitiative.ca\/International\/cameroun-au-moins-5-morts-dans-un-accident-de-la-circulation-sur-la-falaise-de-ngaoundere\/","title":{"rendered":"Cameroun : au moins 5 morts dans un accident de la circulation sur la falaise de Ngaoundere"},"content":{"rendered":"<div readability=\"32\">\n<p>Publi\u00e9 le 15.02.2021 \u00e0 22h39 par JournalduCameroun.com<\/p>\n<\/div>\n<div readability=\"47\">\n<h2 class=\"c8\">Un bus transportant des passagers\u00a0 a fait une sortie de route. Une trentaine de personnes bless\u00e9es.<\/h2>\n<p class=\"c9\">L\u2019<strong>accident<\/strong> est survenu ce 15 f\u00e9vrier 2021 \u00e0 Mbe, \u00e0 un quarantaine de kilom\u00e8tres de Ngaoundere grande ville de la r\u00e9gion de l\u2019Adamaoua. Selon les premiers constants, c\u2019est un bus de transport de passagers appartenant \u00e0 la compagnie Danay Express qui a fait une sortie de route sur la route \u00e0 flanc de montagne de la falaise de <strong>Ngaoundere<\/strong>.<\/p>\n<p class=\"c9\">Cinq personnes sont mortes sur le coup et une trentaine de bless\u00e9s sont enregistr\u00e9s. Le bus de 70 places \u00e9tait partie de Ngaoundere\u00a0 pour se rendre plus au nord, dans la ville de Garoua. Le gouverneur de la r\u00e9gion s\u2019est rendu sur les lieux du drame.<\/p>\n<p class=\"c9\">Cet accident survient quelques semaines apr\u00e8s le drame de la falaise de Dschang (r\u00e9gion de l\u2019Ouest) o\u00f9 la collision entre un bus transportant des passagers et un camion charg\u00e9 de carburant frelat\u00e9 a provoqu\u00e9 une incendie qui a tu\u00e9 55 personnes et bless\u00e9s une trentaine d\u2019autres. C\u2019\u00e9tait ke 27 janvier dernier.<\/p>\n<\/div>\n<p>Auteur: journalducameroun<br \/>\n<a href=\"https:\/\/www.journalducameroun.com\/cameroun-au-moins-5-morts-dans-un-accident-de-la-circulation-sur-la-falaise-de-ngaoundere-cameroun\/\">Cliquez ici pour lire l&rsquo;article depuis sa source.<\/a><\/p>\n","protected":false},"excerpt":{"rendered":"<p>Publi\u00e9 le 15.02.2021 \u00e0 22h39 par JournalduCameroun.com Un bus transportant des passagers\u00a0 a fait une sortie de route. Une trentaine de personnes bless\u00e9es. L\u2019accident est survenu ce 15 f\u00e9vrier 2021 \u00e0 Mbe, \u00e0 un quarantaine de kilom\u00e8tres de Ngaoundere grande ville de la r\u00e9gion de l\u2019Adamaoua. Selon les premiers constants, c\u2019est un bus de transport [&hellip;]<\/p>\n","protected":false},"author":1965,"featured_media":0,"comment_status":"closed","ping_status":"closed","sticky":false,"template":"","format":"standard","meta":{"fifu_image_url":"","fifu_image_alt":"","footnotes":""},"categories":[73,82],"tags":[],"class_list":["post-111342","post","type-post","status-publish","format-standard","hentry","category-actualite","category-cameroun"],"_links":{"self":[{"href":"https:\/\/linitiative.ca\/International\/wp-json\/wp\/v2\/posts\/111342","targetHints":{"allow":["GET"]}}],"collection":[{"href":"https:\/\/linitiative.ca\/International\/wp-json\/wp\/v2\/posts"}],"about":[{"href":"https:\/\/linitiative.ca\/International\/wp-json\/wp\/v2\/types\/post"}],"author":[{"embeddable":true,"href":"https:\/\/linitiative.ca\/International\/wp-json\/wp\/v2\/users\/1965"}],"replies":[{"embeddable":true,"href":"https:\/\/linitiative.ca\/International\/wp-json\/wp\/v2\/comments?post=111342"}],"version-history":[{"count":0,"href":"https:\/\/linitiative.ca\/International\/wp-json\/wp\/v2\/posts\/111342\/revisions"}],"wp:attachment":[{"href":"https:\/\/linitiative.ca\/International\/wp-json\/wp\/v2\/media?parent=111342"}],"wp:term":[{"taxonomy":"category","embeddable":true,"href":"https:\/\/linitiative.ca\/International\/wp-json\/wp\/v2\/categories?post=111342"},{"taxonomy":"post_tag","embeddable":true,"href":"https:\/\/linitiative.ca\/International\/wp-json\/wp\/v2\/tags?post=111342"}],"curies":[{"name":"wp","href":"https:\/\/api.w.org\/{rel}","templated":true}]}}