{"id":111343,"date":"2021-02-15T17:18:02","date_gmt":"2021-02-15T22:18:02","guid":{"rendered":"https:\/\/linitiative.ca\/International\/aucun-cas-debola-na-ete-declare-en-cote-divoire-ministre\/"},"modified":"2021-02-15T17:18:02","modified_gmt":"2021-02-15T22:18:02","slug":"aucun-cas-debola-na-ete-declare-en-cote-divoire-ministre","status":"publish","type":"post","link":"https:\/\/linitiative.ca\/International\/aucun-cas-debola-na-ete-declare-en-cote-divoire-ministre\/","title":{"rendered":"\u00abAucun cas d\u2019Ebola n\u2019a \u00e9t\u00e9 d\u00e9clar\u00e9 en C\u00f4te d\u2019Ivoire\u00bb (Ministre)"},"content":{"rendered":"<div readability=\"32\">\n<p>Publi\u00e9 le 15.02.2021 \u00e0 23h18 par APA News<\/p>\n<\/div>\n<div readability=\"93\">\n<p>Aucun cas de maladie \u00e0 virus Ebola n\u2019a \u00e9t\u00e9 d\u00e9clar\u00e9 en C\u00f4te d\u2019Ivoire, a assur\u00e9 le gouvernement ivoirien dans une d\u00e9claration transmise lundi \u00e0 APA, annon\u00e7ant une s\u00e9rie de mesures pour r\u00e9duire le risque de propagation transfrontali\u00e8re de cette maladie qui a fait d\u00e9j\u00e0 03 morts en Guin\u00e9e.<\/p>\n<p>\u00abLe Gouvernement de C\u00f4te d\u2019Ivoire, face \u00e0 la menace sanitaire importante pour notre pays \u00e0 cause du risque de propagation transfrontali\u00e8re de l\u2019\u00e9pid\u00e9mie de maladie \u00e0 virus Ebola voudrait rassurer les populations qu\u2019aucun cas d\u2019Ebola n\u2019a \u00e9t\u00e9 d\u00e9clar\u00e9 en C\u00f4te d\u2019Ivoire\u00bb, a indiqu\u00e9 Dr Eug\u00e8ne Aka Aou\u00e9l\u00e9, le ministre ivoirien de la Sant\u00e9 et de l\u2019hygi\u00e8ne publique au nom de l\u2019ex\u00e9cutif ivoirien.<\/p>\n<p>\u00a0Le dispositif actuel de lutte contre la Covid-19 demeure et restera op\u00e9rationnel pour la lutte contre la maladie \u00e0 virus Ebola sous la coordination du Comit\u00e9 technique de veille, a ajout\u00e9 Dr Aka Aou\u00e9l\u00e9.<\/p>\n<p>Par ailleurs, il a annonc\u00e9 plusieurs mesures prises par le gouvernement ivoirien pour r\u00e9duire le risque de propagation transfrontali\u00e8re de la maladie \u00e0 virus Ebola.<\/p>\n<p>Au nombre de celles-ci, la r\u00e9activation du Centre des op\u00e9rations d\u2019urgence en sant\u00e9 publique en mode lutte contre Ebola avec la d\u00e9signation d\u2019un gestionnaire d\u2019incident, l\u2019actualisation du plan national de pr\u00e9paration et de r\u00e9ponse \u00e0 la maladie \u00e0 virus Ebola avec la mise en fonction du Centre de traitement Ebola (CTE) de Man.<\/p>\n<p>La mise en mission des directions r\u00e9gionales de la sant\u00e9 surtout dans les zones frontali\u00e8res (Man, Guiglo, Odienn\u00e9, San-Pedro) pour renforcer la surveillance \u00e0 base communautaire pour la d\u00e9tection rapide des cas suspects de maladie \u00e0 virus Ebola, la r\u00e9activation des comit\u00e9s de vigilance sanitaire des villages des localit\u00e9s frontali\u00e8res, le renforcement de la surveillance des fi\u00e8vres h\u00e9morragiques dans les \u00e9tablissements sanitaires et le maintien et le renforcement du contr\u00f4le sanitaire aux points d\u2019entr\u00e9e (A\u00e9roports, ports, fronti\u00e8res terrestres), figure \u00e9galement sur la liste des mesures prises.<\/p>\n<p>L\u2019ex\u00e9cutif ivoirien a \u00e9galement appel\u00e9 les populations \u00e0 se rendre imm\u00e9diatement \u00e0 l\u2019h\u00f4pital en cas de fi\u00e8vre, maux de t\u00eate, saignements pour b\u00e9n\u00e9ficier d\u2019une prise en charge pr\u00e9coce, \u00e0 \u00e9viter de se serrer les mains et de faire des accolades et \u00e0 limiter les mouvements transfrontaliers avec les zones affect\u00e9es par la maladie \u00e0 virus Ebola.<\/p>\n<p>Le gouvernement ivoirien insiste sur la \u00a0stricte n\u00e9cessit\u00e9 \u00a0de respecter toutes ces mesures \u00a0\u00ab si nous voulons \u00eatre \u00e9pargn\u00e9s de la maladie \u00e0 virus Ebola\u00bb.\u00a0<\/p>\n<p>Dimanche dernier, le gouvernement guin\u00e9en a d\u00e9clar\u00e9 une \u00e9pid\u00e9mie de maladie \u00e0 virus \u00a0Ebola \u00e0 Goueck\u00e9 dans la pr\u00e9fecture de N\u2019z\u00e9r\u00e9kor\u00e9, localit\u00e9 qui partage une fronti\u00e8re avec l\u2019ouest de la C\u00f4te d\u2019Ivoire. A l\u2019issue des premi\u00e8res investigations, l\u2019ex\u00e9cutif guin\u00e9en dit avoir d\u00e9nombr\u00e9 sept cas dont trois d\u00e9c\u00e8s.<\/p>\n<\/div>\n<p>Auteur: APA News<br \/>\n<a href=\"https:\/\/www.journalducameroun.com\/aucun-cas-debola-na-ete-declare-en-cote-divoire-ministre\/\">Cliquez ici pour lire l&rsquo;article depuis sa source.<\/a><\/p>\n","protected":false},"excerpt":{"rendered":"<p>Publi\u00e9 le 15.02.2021 \u00e0 23h18 par APA News Aucun cas de maladie \u00e0 virus Ebola n\u2019a \u00e9t\u00e9 d\u00e9clar\u00e9 en C\u00f4te d\u2019Ivoire, a assur\u00e9 le gouvernement ivoirien dans une d\u00e9claration transmise lundi \u00e0 APA, annon\u00e7ant une s\u00e9rie de mesures pour r\u00e9duire le risque de propagation transfrontali\u00e8re de cette maladie qui a fait d\u00e9j\u00e0 03 morts en [&hellip;]<\/p>\n","protected":false},"author":1965,"featured_media":0,"comment_status":"closed","ping_status":"closed","sticky":false,"template":"","format":"standard","meta":{"fifu_image_url":"","fifu_image_alt":"","footnotes":""},"categories":[73,82],"tags":[],"class_list":["post-111343","post","type-post","status-publish","format-standard","hentry","category-actualite","category-cameroun"],"_links":{"self":[{"href":"https:\/\/linitiative.ca\/International\/wp-json\/wp\/v2\/posts\/111343","targetHints":{"allow":["GET"]}}],"collection":[{"href":"https:\/\/linitiative.ca\/International\/wp-json\/wp\/v2\/posts"}],"about":[{"href":"https:\/\/linitiative.ca\/International\/wp-json\/wp\/v2\/types\/post"}],"author":[{"embeddable":true,"href":"https:\/\/linitiative.ca\/International\/wp-json\/wp\/v2\/users\/1965"}],"replies":[{"embeddable":true,"href":"https:\/\/linitiative.ca\/International\/wp-json\/wp\/v2\/comments?post=111343"}],"version-history":[{"count":0,"href":"https:\/\/linitiative.ca\/International\/wp-json\/wp\/v2\/posts\/111343\/revisions"}],"wp:attachment":[{"href":"https:\/\/linitiative.ca\/International\/wp-json\/wp\/v2\/media?parent=111343"}],"wp:term":[{"taxonomy":"category","embeddable":true,"href":"https:\/\/linitiative.ca\/International\/wp-json\/wp\/v2\/categories?post=111343"},{"taxonomy":"post_tag","embeddable":true,"href":"https:\/\/linitiative.ca\/International\/wp-json\/wp\/v2\/tags?post=111343"}],"curies":[{"name":"wp","href":"https:\/\/api.w.org\/{rel}","templated":true}]}}