{"id":111345,"date":"2021-02-15T12:46:54","date_gmt":"2021-02-15T17:46:54","guid":{"rendered":"https:\/\/linitiative.ca\/International\/economie-circulaire-une-fiscalite-environnementale-en-etude-au-cameroun\/"},"modified":"2021-02-15T12:46:54","modified_gmt":"2021-02-15T17:46:54","slug":"economie-circulaire-une-fiscalite-environnementale-en-etude-au-cameroun","status":"publish","type":"post","link":"https:\/\/linitiative.ca\/International\/economie-circulaire-une-fiscalite-environnementale-en-etude-au-cameroun\/","title":{"rendered":"Economie circulaire : une fiscalit\u00e9 environnementale en \u00e9tude au Cameroun"},"content":{"rendered":"<p>Faire du business tout en prot\u00e9geant l\u2019environnement. Voil\u00e0 une id\u00e9e qui est d\u00e9sormais dans l\u2019\u00e8re du temps. Et, le Cameroun n\u2019entend pas \u00eatre \u00e0 marge de cette mouvance. D\u2019o\u00f9 la mise en \u0153uvre du projet de d\u00e9ploiement initial du syst\u00e8me d\u2019information sur les indicateurs au Cameroun (Iris), le Plan national d\u2019adaptation au changement climatique (Pnacc), le Plan d\u2019investissement forestier (PIF), la Strat\u00e9gie nationale de d\u00e9veloppement durable (Sndd), la strat\u00e9gie nationale de gestion de d\u00e9chets, etc.<\/p>\n<p><strong>Lire aussi<\/strong> : <a href=\"https:\/\/ecomatin.net\/le-droit-dassise-menace-la-filiere-du-recyclage-du-plastique\/\">Le droit d\u2019assise menace la fili\u00e8re du recyclage du plastique<\/a><\/p>\n<p>Des projets et programmes dont la mise en \u0153uvre n\u00e9cessite d\u2019importantes ressources financi\u00e8res que l\u2019Etat n\u2019a pas toujours ou qui ne r\u00e9pondent pas forc\u00e9ment aux crit\u00e8res de financement classiques. C\u2019est dans ce cadre que le ministre de l\u2019environnement, de la protection de la nature et du d\u00e9veloppement durable (Minepded), H\u00e9l\u00e9 Pierre, a pr\u00e9sid\u00e9 une table ronde le 14 ao\u00fbt 2018 \u00e0 Yaound\u00e9. Ce tour de table avec les partenaires techniques et financiers visait \u00e0 soutenir la mise en \u0153uvre effective des Accords Multilat\u00e9raux de l\u2019Environnement (AME) et la recherche des financements. Le secteur priv\u00e9 ne cache pas son int\u00e9r\u00eat pour la cause environnementale mais souhaite que le gouvernement am\u00e9nage un cadre incitatif \u00e0 cet effet. Les pouvoirs publics n\u2019en pensent pas moins. Dans sa strat\u00e9gie de mobilisation des financements innovants, le pays travaille ainsi \u00e0 la mise en place d\u2019une \u00ab taxe carbone \u00bb, suivant le principe de pr\u00e9caution et le principe \u00ab pollueur-payeur \u00bb.<\/p>\n<p><strong>Lire aussi<\/strong> : <a href=\"https:\/\/ecomatin.net\/nestle-cameroun-veut-recycler-100-tonnes-de-dechets-plastiques-en-2020\/\">D\u00e9chets plastiques : Nestl\u00e9 Cameroun s\u2019engage \u00e0 collecter 100 tonnes<\/a><\/p>\n<p>Au minist\u00e8re de l\u2019environnement de la Protection de la Nature et du D\u00e9veloppement Durable (Minepded), l\u2019on soutient que \u00ab des initiatives dans ce sens sont en cours, \u00e0 travers le projet de loi sur la fiscalit\u00e9 environnementale, actuellement transmis \u00e0 la Tr\u00e8s haute hi\u00e9rarchie.\u00bb Incitation fiscale Le texte propose \u00abun m\u00e9canisme d\u2019incitation fiscale \u00bb. Celle-ci est orient\u00e9e en amont vers les m\u00e9nages par l\u2019instauration d\u2019une compensation pour la collecte et le tri des d\u00e9chets, mati\u00e8re premi\u00e8re n\u00e9cessaire pour alimenter cette industrie. En aval, le m\u00e9canisme d\u2019incitation \u00e0 destination des industries devra int\u00e9grer l\u2019all\u00e8gement des proc\u00e9dures administratives et la facilitation de l\u2019acc\u00e8s au cr\u00e9dit, entre autres. Interpell\u00e9 en novembre 2016 par le d\u00e9put\u00e9 Martin Oyono sur le retard accus\u00e9 dans l\u2019\u00e9laboration du projet de loi sur la fiscalit\u00e9 environnementale, le ministre d\u00e9l\u00e9gu\u00e9 aupr\u00e8s du ministre de l\u2019Environnement, de la Protection de la nature et du D\u00e9veloppement durable, Nana Aboubakar Djalloh avait d\u00e9clar\u00e9 que l\u2019avant-projet de texte \u00e9tait d\u00e9j\u00e0 transmis aux Services du Premier ministre.<\/p>\n<p><strong>Lire aussi<\/strong> : <a href=\"https:\/\/ecomatin.net\/entrepreneuriat-transformer-des-bouteilles-plastique-en-meubles\/\">Entrepreneuriat : transformer des bouteilles plastique en meubles<\/a><\/p>\n<p>Une fois adopt\u00e9e, les sp\u00e9cialistes pensent que loi sur la fiscalit\u00e9 environnementale (dont l\u2019\u00e9laboration a d\u00e9but\u00e9 en 2008) va faciliter l\u2019\u00e9mergence au Cameroun d\u2019une \u00e9conomie \u00ab circulaire \u00bb. Pour ce faire, le gouvernement a adopt\u00e9 une Strat\u00e9gie nationale de gestion des d\u00e9chets (2007-2015). Il y est pr\u00e9vu que les d\u00e9chets m\u00e9nagers biod\u00e9gradables soient valoris\u00e9s par compostage ou par un autre proc\u00e9d\u00e9 adapt\u00e9 \u00e0 la nature du d\u00e9chet. Les proc\u00e9d\u00e9s ana\u00e9robiques (production de biogaz) offrant l\u2019avantage de produire de l\u2019\u00e9nergie \u00e0 partir des d\u00e9chets m\u00e9nagers biod\u00e9gradables. L\u2019utilisation de l\u2019\u00e9nergie provenant de la m\u00e9thanisation des d\u00e9chets m\u00e9nagers mis en d\u00e9charge conventionnelle devrait \u00eatre promue dans les r\u00e9gions limitrophes des installations. Comme pr\u00e9alable \u00e0 cette orientation, il est n\u00e9cessaire de r\u00e9viser le cadre institutionnel de production et de rachat de l\u2019\u00e9lectricit\u00e9 dans la zone de concession d\u2019ENEO.<\/p>\n<p>En concertation avec les collectivit\u00e9s territoriales d\u00e9centralis\u00e9es, les administrations en charge de l\u2019Environnement et du d\u00e9veloppement urbain vont arr\u00eater un sch\u00e9ma d\u00e9terminant les zones couvertes par la m\u00eame installation et les fractions de d\u00e9chets couverts. Ce sch\u00e9ma tiendrait notamment compte des aspects \u00e9cologiques et \u00e9conomiques ainsi que des d\u00e9cisions d\u00e9j\u00e0 prises \u00e0 ce stade. Un acte r\u00e9glementaire fixera progressivement le rattachement des collectivit\u00e9s territoriales d\u00e9centralis\u00e9es \u00e0 une installation de valorisation donn\u00e9e. Des conventions de partenariat sont \u00e0 conclure entre les collectivit\u00e9s territoriales d\u00e9centralis\u00e9es limitrophes garantissant une prise en charge des d\u00e9chets m\u00e9nagers en cas de d\u00e9faillance technique d\u2019une installation.<\/p>\n<p><strong>Lire \u00e9galement dans le m\u00eame dossier<\/strong><\/p>\n<p>Auteur: Philipe NSOA<br \/>\n<a href=\"https:\/\/ecomatin.net\/economie-circulaire-une-fiscalite-environnementale-en-etude-au-cameroun\/\">Cliquez ici pour lire l&rsquo;article depuis sa source.<\/a><\/p>\n","protected":false},"excerpt":{"rendered":"<p>Faire du business tout en prot\u00e9geant l\u2019environnement. Voil\u00e0 une id\u00e9e qui est d\u00e9sormais dans l\u2019\u00e8re du temps. Et, le Cameroun n\u2019entend pas \u00eatre \u00e0 marge de cette mouvance. D\u2019o\u00f9 la mise en \u0153uvre du projet de d\u00e9ploiement initial du syst\u00e8me d\u2019information sur les indicateurs au Cameroun (Iris), le Plan national d\u2019adaptation au changement climatique (Pnacc), [&hellip;]<\/p>\n","protected":false},"author":1969,"featured_media":0,"comment_status":"closed","ping_status":"closed","sticky":false,"template":"","format":"standard","meta":{"fifu_image_url":"","fifu_image_alt":"","footnotes":""},"categories":[82,78],"tags":[],"class_list":["post-111345","post","type-post","status-publish","format-standard","hentry","category-cameroun","category-economie"],"_links":{"self":[{"href":"https:\/\/linitiative.ca\/International\/wp-json\/wp\/v2\/posts\/111345","targetHints":{"allow":["GET"]}}],"collection":[{"href":"https:\/\/linitiative.ca\/International\/wp-json\/wp\/v2\/posts"}],"about":[{"href":"https:\/\/linitiative.ca\/International\/wp-json\/wp\/v2\/types\/post"}],"author":[{"embeddable":true,"href":"https:\/\/linitiative.ca\/International\/wp-json\/wp\/v2\/users\/1969"}],"replies":[{"embeddable":true,"href":"https:\/\/linitiative.ca\/International\/wp-json\/wp\/v2\/comments?post=111345"}],"version-history":[{"count":0,"href":"https:\/\/linitiative.ca\/International\/wp-json\/wp\/v2\/posts\/111345\/revisions"}],"wp:attachment":[{"href":"https:\/\/linitiative.ca\/International\/wp-json\/wp\/v2\/media?parent=111345"}],"wp:term":[{"taxonomy":"category","embeddable":true,"href":"https:\/\/linitiative.ca\/International\/wp-json\/wp\/v2\/categories?post=111345"},{"taxonomy":"post_tag","embeddable":true,"href":"https:\/\/linitiative.ca\/International\/wp-json\/wp\/v2\/tags?post=111345"}],"curies":[{"name":"wp","href":"https:\/\/api.w.org\/{rel}","templated":true}]}}