{"id":111347,"date":"2021-02-15T13:19:22","date_gmt":"2021-02-15T18:19:22","guid":{"rendered":"https:\/\/linitiative.ca\/International\/recyclage-deja-100-millions-de-bouteilles-collectees-par-le-groupe-sabc\/"},"modified":"2021-02-15T13:19:22","modified_gmt":"2021-02-15T18:19:22","slug":"recyclage-deja-100-millions-de-bouteilles-collectees-par-le-groupe-sabc","status":"publish","type":"post","link":"https:\/\/linitiative.ca\/International\/recyclage-deja-100-millions-de-bouteilles-collectees-par-le-groupe-sabc\/","title":{"rendered":"Recyclage : d\u00e9j\u00e0 100 millions de bouteilles collect\u00e9es par le groupe SABC"},"content":{"rendered":"<p>C\u2019est ce 3 f\u00e9vrier 2021, que le Groupe SABC a c\u00e9l\u00e9br\u00e9 le 73\u00e8me anniversaire de sa riche \u00e9pop\u00e9e camerounaise. Aur\u00e9ol\u00e9e pour la seconde fois cons\u00e9cutive (3\u00e8me distinction) du prix de l\u2019entreprise citoyenne du Cameroun en 2020, SABC met par un accent particulier sur la pr\u00e9servation de l\u2019environnement. Du fait de son intense activit\u00e9 de production de mati\u00e8res plastiques, le groupe brassicole s\u2019est r\u00e9solument engag\u00e9 dans la collecte et la transformation de ses d\u00e9chets plastiques, aux c\u00f4t\u00e9s de partenaires de ce secteur. C\u2019est dans ce cadre que le groupe SABC a r\u00e9uni des op\u00e9rateurs sp\u00e9cialistes de la collecte, du recyclage et de la transformation des d\u00e9chets plastiques \u00e0 la faveur de la c\u00e9l\u00e9bration solennelle de la collecte de la 100 millioni\u00e8me bouteille en 2020.<\/p>\n<p><strong>Lire aussi<\/strong> : <a href=\"https:\/\/ecomatin.net\/le-droit-dassise-menace-la-filiere-du-recyclage-du-plastique\/\">Le droit d\u2019assise menace la fili\u00e8re du recyclage du plastique<\/a><\/p>\n<p>Organis\u00e9e en partenariat avec Nam\u00e9 Recycling, entreprise sp\u00e9cialis\u00e9e dans la collecte, le recyclage, la transformation et la vente des produits issus des d\u00e9chets plastiques, la SABC atteint un seuil critique de collecte largement au-dessus des attentes. Pour lutter contre la pollution de l\u2019environnement, la SABC a sign\u00e9 un partenariat avec Nam\u00e9 Recycling depuis 2017, en conformit\u00e9 avec l\u2019arr\u00eat\u00e9 conjoint n\u00b0004\/MINEPDED\/ MINCOMMERCE du 24 octobre 2012, qui exige que chaque fabricant ou distributeur d\u2019emballages non biod\u00e9gradables mette en place un syst\u00e8me de r\u00e9cup\u00e9ration en vue de leur recyclage, leur valorisation ou \u00e9limination: \u00abnotre strat\u00e9gie consiste en la r\u00e9duction de pollutions de tous types caus\u00e9es par notre activit\u00e9 et \u00e0 l\u2019utilisation rationnelle des ressources \u00e9nerg\u00e9tiques\u2026 Nous avons lanc\u00e9 en 2012, le projet Plastic R\u00e9cup pour dire NON aux d\u00e9chets plastiques qui sont une source non n\u00e9gligeable de pollution de nos cit\u00e9s\u00bb, s\u2019est exprim\u00e9e H\u00e9l\u00e8ne Kenmegne epse Siaka, la Directrice de la communication du Groupe SABC, repr\u00e9sentante d\u2019Emmanuel de Tailly, le Directeur g\u00e9n\u00e9ral.<\/p>\n<p><strong>Savoir-faire<\/strong><\/p>\n<p>D\u2019apr\u00e8s les experts de ce secteur, l\u2019impact socio environnemental de la pollution des d\u00e9chets plastiques est catastrophique pour la biosph\u00e8re. Ainsi, 5000 tonnes de d\u00e9chets plastiques collect\u00e9es et recycl\u00e9es repr\u00e9sentent 400 hectares de for\u00eat rebois\u00e9e, 300 millions de gaz carbonique retir\u00e9s de l\u2019atmosph\u00e8re, et l\u2019\u00e9quivalent de 574 voitures polluantes extraites de la circulation. Se r\u00e9jouissant de la synergie r\u00e9ussie entre Nam\u00e9 Recycling et la SABC, Roblain Namegni, le Directeur g\u00e9n\u00e9ral de Nam\u00e9 Recycling fait calcul sur la barre symbolique de bouteilles collect\u00e9es dans la cadre du partenariat avec la SABC: \u00ab100 millions de bouteilles plastiques correspondent \u00e0 l\u2019\u00e9quivalent de 1480 voitures polluantes retir\u00e9es du trafic routier, ou 7700 tonnes de gaz carbonique pr\u00e9lev\u00e9s de l\u2019atmosph\u00e8re\u2026\u00bb, a-t-il \u00e9num\u00e9r\u00e9.<\/p>\n<p>Sur le plan interne, la SABC a pris d\u2019importantes dispositions contre diverses pollutions caus\u00e9es par son activit\u00e9 industrielle : \u00abcela s\u2019est traduit par la construction de 5 stations d\u2019\u00e9puration des eaux us\u00e9es dans chacune de nos usines avec pour objectif de traiter avant rejet dans la nature, les \u00e9l\u00e9ments polluants issus de notre activit\u00e9 industrielle et susceptibles de nuire \u00e0 la flore ou \u00e0 l\u2019activit\u00e9 humaine. Dans ce registre, nous recyclons en moyenne chaque ann\u00e9e pr\u00e8s de 70% de nos d\u00e9chets plastiques\u00bb, a indiqu\u00e9 H\u00e9l\u00e8ne Kenmegne epse Siaka.<\/p>\n<p><strong>Lire \u00e9galement dans le m\u00eame dossier<\/strong><\/p>\n<p>Auteur: Philipe NSOA<br \/>\n<a href=\"https:\/\/ecomatin.net\/recyclage-deja-100-millions-de-bouteilles-collectees-par-le-groupe-sabc\/\">Cliquez ici pour lire l&rsquo;article depuis sa source.<\/a><\/p>\n","protected":false},"excerpt":{"rendered":"<p>C\u2019est ce 3 f\u00e9vrier 2021, que le Groupe SABC a c\u00e9l\u00e9br\u00e9 le 73\u00e8me anniversaire de sa riche \u00e9pop\u00e9e camerounaise. Aur\u00e9ol\u00e9e pour la seconde fois cons\u00e9cutive (3\u00e8me distinction) du prix de l\u2019entreprise citoyenne du Cameroun en 2020, SABC met par un accent particulier sur la pr\u00e9servation de l\u2019environnement. Du fait de son intense activit\u00e9 de production [&hellip;]<\/p>\n","protected":false},"author":1969,"featured_media":0,"comment_status":"closed","ping_status":"closed","sticky":false,"template":"","format":"standard","meta":{"fifu_image_url":"","fifu_image_alt":"","footnotes":""},"categories":[82,78],"tags":[],"class_list":["post-111347","post","type-post","status-publish","format-standard","hentry","category-cameroun","category-economie"],"_links":{"self":[{"href":"https:\/\/linitiative.ca\/International\/wp-json\/wp\/v2\/posts\/111347","targetHints":{"allow":["GET"]}}],"collection":[{"href":"https:\/\/linitiative.ca\/International\/wp-json\/wp\/v2\/posts"}],"about":[{"href":"https:\/\/linitiative.ca\/International\/wp-json\/wp\/v2\/types\/post"}],"author":[{"embeddable":true,"href":"https:\/\/linitiative.ca\/International\/wp-json\/wp\/v2\/users\/1969"}],"replies":[{"embeddable":true,"href":"https:\/\/linitiative.ca\/International\/wp-json\/wp\/v2\/comments?post=111347"}],"version-history":[{"count":0,"href":"https:\/\/linitiative.ca\/International\/wp-json\/wp\/v2\/posts\/111347\/revisions"}],"wp:attachment":[{"href":"https:\/\/linitiative.ca\/International\/wp-json\/wp\/v2\/media?parent=111347"}],"wp:term":[{"taxonomy":"category","embeddable":true,"href":"https:\/\/linitiative.ca\/International\/wp-json\/wp\/v2\/categories?post=111347"},{"taxonomy":"post_tag","embeddable":true,"href":"https:\/\/linitiative.ca\/International\/wp-json\/wp\/v2\/tags?post=111347"}],"curies":[{"name":"wp","href":"https:\/\/api.w.org\/{rel}","templated":true}]}}