{"id":111348,"date":"2021-02-15T15:30:03","date_gmt":"2021-02-15T20:30:03","guid":{"rendered":"https:\/\/linitiative.ca\/International\/ngozi-okonjo-iweala-devient-la-premiere-femme-a-la-tete-de-lomc\/"},"modified":"2021-02-15T15:30:03","modified_gmt":"2021-02-15T20:30:03","slug":"ngozi-okonjo-iweala-devient-la-premiere-femme-a-la-tete-de-lomc","status":"publish","type":"post","link":"https:\/\/linitiative.ca\/International\/ngozi-okonjo-iweala-devient-la-premiere-femme-a-la-tete-de-lomc\/","title":{"rendered":"Ngozi Okonjo-Iweala devient la premi\u00e8re femme \u00e0 la t\u00eate de l\u2019OMC"},"content":{"rendered":"<p>Elle sera donc la premi\u00e8re femme et aussi la septi\u00e8me personne \u00e0 occuper le poste de Directeur g\u00e9n\u00e9ral de l\u2019histoire de l\u2019OMC. A 66 ans, la nig\u00e9riane prend la t\u00eate de cette institution aux 164 \u00c9tats membres qui poursuit, deux objectifs majeurs\u00a0: l\u2019administration d\u2019un syst\u00e8me mondial de r\u00e8gles commerciales et la\u00a0 garantie\u00a0 d\u2019un \u00a0r\u00e8glement des conflits entre ses membres. Ce changement, vient insuffler un nouveau dynamisme \u00e0 la t\u00eate \u00a0de l\u2019organisation.<\/p>\n<p>\u00ab\u00a0Je suis honor\u00e9e d\u2019avoir \u00e9t\u00e9 choisi par les membres de l\u2019OMC comme Directeur g\u00e9n\u00e9ral de l\u2019OMC. Une OMC forte est essentielle si nous voulons nous remettre pleinement et rapidement de la d\u00e9vastation caus\u00e9e par la pand\u00e9mie de COVID-19. J\u2019ai h\u00e2te de travailler avec les d\u00e9put\u00e9s pour \u00e9laborer et mettre en \u0153uvre les mesures strat\u00e9giques dont nous avons besoin pour relancer l\u2019\u00e9conomie mondiale. Notre organisation fait face \u00e0 de nombreux d\u00e9fis, mais en travaillant ensemble, nous pouvons rendre l\u2019OMC plus forte, plus agile et mieux adapt\u00e9e aux r\u00e9alit\u00e9s d\u2019aujourd\u2019hui\u00bb, a d\u00e9clar\u00e9 M. Okonjo-Iweala.<\/p>\n<p>\u00a0Son arriv\u00e9e \u00e0 ce poste, s\u2019accompagne \u00a0de nombreux d\u00e9fis pour la native du Nigeria. Selon les m\u00e9dia \u00e9tranger, L\u2019OMC s\u2019essouffle, \u00a0car elle repose sur des r\u00e8gles archa\u00efques, \u00ab\u00a0d\u00e9finies il y a trente ans, \u00e0 une \u00e9poque ou internet n\u2019existait pas et o\u00f9 la Chine \u00e9tait un nain\u00a0\u00bb, diagnostique de \u00a0S\u00e9bastien Jean, responsable du programme scientifique d\u2019Analyse du commerce international. L\u2019OMC est coutumi\u00e8re des blocages, la faute au consensus comme mode de d\u00e9cision, en r\u00e9sultent nombre de statu quo dont certains pays, comme l\u2019Inde ou la Chine, profitent.<\/p>\n<p><strong>Lire aussi<\/strong> : <a href=\"https:\/\/ecomatin.net\/trois-candidatures-africaines-pour-le-poste-de-directeur-de-lomc\/\">Trois candidatures africaines pour le poste de directeur de l\u2019OMC<\/a><\/p>\n<p>La crise du\u00a0Covid-19, \u00a0apporte au Docteur Ngonzi Okonjo-Iweala, \u00a0un challenge suppl\u00e9mentaire \u00e0 relever. Selon Elvire Fabry, chercheuse \u00e0 l\u2019Institut Jacques Delors, elle devra r\u00e9pondre \u00e0 <em>\u00ab\u00a0<\/em>un besoin de r\u00e9engagement des \u00c9tats au sein de cette organisation, car la coop\u00e9ration commerciale est cruciale pour l\u2019avenir, notamment en mati\u00e8re de normes environnementales et de r\u00e9gulation num\u00e9rique. L\u2019OMC devra prendre sa part pour garantir une pleine coop\u00e9ration internationale sur la distribution des vaccins contre le Covid-19, sans laisser pour compte les pays pauvres. \u00abLe commerce doit faciliter cela, et non pas \u00eatre un obstacle\u00a0<em>\u00bb,<\/em> indiquait \u00a0la nouvelle directrice g\u00e9n\u00e9rale de l\u2019OMC, Ngozi Okonjo-Iweala \u00e0 cet effet.<\/p>\n<p>\u00a0Le Dr Ngozi Okonjo-Iweala, se d\u00e9finit comme \u00ab\u00a0une femme d\u2019action\u00a0<em>\u00bb, \u00ab\u00a0<\/em>une r\u00e9formatrice<em>\u00a0\u00bb<\/em> qui dispose des <em>\u00ab\u00a0<\/em>comp\u00e9tences n\u00e9cessaires pour n\u00e9gocier avec les responsables politiques\u00a0<em>\u00bb<\/em>. Ces atouts vont \u00e0 coup s\u00fbr, \u00eatre de mise dans le bon fonctionnement de l\u2019instance qui a \u00e9t\u00e9 affect\u00e9 par la gouvernance de l\u2019ancien pr\u00e9sident am\u00e9ricain.<\/p>\n<p><strong>Lire aussi<\/strong> : <a href=\"https:\/\/ecomatin.net\/deshonneur-le-cameroun-suspendu-de-lorganisation-mondiale-du-commerce\/\">Commerce international : le Cameroun suspendu de l\u2019OMC<\/a><\/p>\n<p>Auteur: Amina MALLOUM<br \/>\n<a href=\"https:\/\/ecomatin.net\/ngozi-okonjo-iweala-devient-la-premiere-femme-a-la-tete-de-lomc\/\">Cliquez ici pour lire l&rsquo;article depuis sa source.<\/a><\/p>\n","protected":false},"excerpt":{"rendered":"<p>Elle sera donc la premi\u00e8re femme et aussi la septi\u00e8me personne \u00e0 occuper le poste de Directeur g\u00e9n\u00e9ral de l\u2019histoire de l\u2019OMC. A 66 ans, la nig\u00e9riane prend la t\u00eate de cette institution aux 164 \u00c9tats membres qui poursuit, deux objectifs majeurs\u00a0: l\u2019administration d\u2019un syst\u00e8me mondial de r\u00e8gles commerciales et la\u00a0 garantie\u00a0 d\u2019un \u00a0r\u00e8glement des [&hellip;]<\/p>\n","protected":false},"author":1969,"featured_media":0,"comment_status":"closed","ping_status":"closed","sticky":false,"template":"","format":"standard","meta":{"fifu_image_url":"","fifu_image_alt":"","footnotes":""},"categories":[82,78],"tags":[],"class_list":["post-111348","post","type-post","status-publish","format-standard","hentry","category-cameroun","category-economie"],"_links":{"self":[{"href":"https:\/\/linitiative.ca\/International\/wp-json\/wp\/v2\/posts\/111348","targetHints":{"allow":["GET"]}}],"collection":[{"href":"https:\/\/linitiative.ca\/International\/wp-json\/wp\/v2\/posts"}],"about":[{"href":"https:\/\/linitiative.ca\/International\/wp-json\/wp\/v2\/types\/post"}],"author":[{"embeddable":true,"href":"https:\/\/linitiative.ca\/International\/wp-json\/wp\/v2\/users\/1969"}],"replies":[{"embeddable":true,"href":"https:\/\/linitiative.ca\/International\/wp-json\/wp\/v2\/comments?post=111348"}],"version-history":[{"count":0,"href":"https:\/\/linitiative.ca\/International\/wp-json\/wp\/v2\/posts\/111348\/revisions"}],"wp:attachment":[{"href":"https:\/\/linitiative.ca\/International\/wp-json\/wp\/v2\/media?parent=111348"}],"wp:term":[{"taxonomy":"category","embeddable":true,"href":"https:\/\/linitiative.ca\/International\/wp-json\/wp\/v2\/categories?post=111348"},{"taxonomy":"post_tag","embeddable":true,"href":"https:\/\/linitiative.ca\/International\/wp-json\/wp\/v2\/tags?post=111348"}],"curies":[{"name":"wp","href":"https:\/\/api.w.org\/{rel}","templated":true}]}}