{"id":111349,"date":"2021-02-16T10:27:28","date_gmt":"2021-02-16T15:27:28","guid":{"rendered":"https:\/\/linitiative.ca\/International\/management-de-projet-concepts-methodes-et-outils-de-arnaud-grob\/"},"modified":"2021-02-16T10:27:28","modified_gmt":"2021-02-16T15:27:28","slug":"management-de-projet-concepts-methodes-et-outils-de-arnaud-grob","status":"publish","type":"post","link":"https:\/\/linitiative.ca\/International\/management-de-projet-concepts-methodes-et-outils-de-arnaud-grob\/","title":{"rendered":"Management de projet \u2013 Concepts, m\u00e9thodes et outils, de Arnaud Grob"},"content":{"rendered":"<header>\n<div class=\"entry-post-meta\">\n<div class=\"author-link\">Publi\u00e9 par <a itemprop=\"author\" itemscope=\"itemscope\" itemtype=\"https:\/\/schema.org\/Person\" href=\"https:\/\/aujourdhui.ma\/author\/blio\" rel=\"author\"><span itemprop=\"name\">ALM<\/span><\/a><\/div>\n<p>Date\u00a0:<time content=\"2021-02-16T16:27:28+01:00\" class=\"entry-date updated\" datetime=\"2021-02-16T16:27:28+01:00\">f\u00e9vrier 16, 2021<\/time><\/p>\n<div class=\"entry-cat\">dans:<a href=\"https:\/\/aujourdhui.ma\/category\/culture\/livre\" rel=\"category tag\">Livre<\/a><\/div>\n<p>19Vues<\/p>\n<\/div>\n<\/header>\n<div class=\"entry-content clearfix\" readability=\"63\">\n<figure class=\"post-thumbnail\" itemprop=\"associatedMedia\" itemscope=\"itemscope\" itemtype=\"http:\/\/schema.org\/ImageObject\"><img decoding=\"async\" class=\"post_layout_5_img\" src=\"http:\/\/aujourdhui.ma\/wp-content\/uploads\/2021\/02\/Management-de-projet-Concepts-methodes-et-outils-de-Arnaud-Grob.jpg\" alt=\"Management de projet \u2013 Concepts, m\u00e9thodes et outils, de Arnaud Grob\"\/><\/figure>\n<p><span class=\"c5\"><strong>\u00abComment structurer et organiser un projet avec rigueur ? Quelles notions faut-il absolument ma\u00eetriser en management de projet? Quelles sont les m\u00e9thodes incontournables ? Quels sont les outils les plus efficaces pour mener \u00e0 bien un projet ?\u00bb.<\/strong><\/span><span id=\"more-368380\"\/><\/p>\n<p>Ce sont autant de questions que s\u2019est pos\u00e9es l\u2019auteur pour \u00e9crire son ouvrage. L\u2019exercice a n\u00e9cessit\u00e9 de nombreuses ann\u00e9es d\u2019exp\u00e9rience professionnelle et d\u2019enseignement. A travers son ouvrage, Arnaud Grob expose l\u2019int\u00e9gralit\u00e9 des connaissances et comp\u00e9tences \u00e0 acqu\u00e9rir. Il aborde les approches traditionnelles et agiles. Il propose, par la suite, une vision actuelle des pratiques du management de projet. A la fin du travail, il introduira les concepts majeurs des grands standards internationaux (PMI, PRINCE2, Scrum) et constitue ainsi une lecture pr\u00e9alable \u00e0 ceux qui souhaitent s\u2019engager dans une d\u00e9marche de certification individuelle.<\/p>\n<p>Pour \u00eatre encore plus explicite, il s\u2019emploiera \u00e0 d\u00e9finir des concepts importants, plus de 150 sch\u00e9mas en les \u00e9tayant d\u2019exemples concrets. Le livre s\u2019adresse non seulement aux \u00e9l\u00e8ves des \u00e9coles de management et d\u2019ing\u00e9nieurs mais aux \u00e9tudiants des universit\u00e9s et IAE et aux chefs de projets, professionnels du management de projet, consultants\u2026 Dipl\u00f4m\u00e9 d\u2019HEC Paris, Arnaud Grob est consultant et formateur en management de projet. Fondateur du cabinet O\u00efkos Consulting &amp; Training, il intervient depuis 2005 aupr\u00e8s de nombreuses entreprises fran\u00e7aises et allemandes. Ses principaux domaines d\u2019expertise sont l\u2019impl\u00e9mentation de standards m\u00e9thodologiques et organisations projets (PMO), l\u2019accompagnement op\u00e9rationnel de programmes complexes, et le d\u00e9ploiement de solutions de formation.<\/p>\n<p>Il est \u00e9galement professeur associ\u00e9 \u00e0 l\u2019Universit\u00e9 de Strasbourg o\u00f9 il codirige le master Management de projets internationaux.<\/p>\n<p>Ed.Vuibert (18 ao\u00fbt 2020)<\/p>\n<\/div>\n<p>Auteur: ALM<br \/>\n<a href=\"https:\/\/aujourdhui.ma\/culture\/livre\/management-de-projet-concepts-methodes-et-outils-de-arnaud-grob\">Cliquez ici pour lire l&rsquo;article depuis sa source.<\/a><\/p>\n","protected":false},"excerpt":{"rendered":"<p>Publi\u00e9 par ALM Date\u00a0:f\u00e9vrier 16, 2021 dans:Livre 19Vues \u00abComment structurer et organiser un projet avec rigueur ? Quelles notions faut-il absolument ma\u00eetriser en management de projet? Quelles sont les m\u00e9thodes incontournables ? Quels sont les outils les plus efficaces pour mener \u00e0 bien un projet ?\u00bb. Ce sont autant de questions que s\u2019est pos\u00e9es l\u2019auteur [&hellip;]<\/p>\n","protected":false},"author":1759,"featured_media":0,"comment_status":"closed","ping_status":"closed","sticky":false,"template":"","format":"standard","meta":{"fifu_image_url":"http:\/\/aujourdhui.ma\/wp-content\/uploads\/2021\/02\/Management-de-projet-Concepts-methodes-et-outils-de-Arnaud-Grob.jpg","fifu_image_alt":"Management de projet \u2013 Concepts, m\u00e9thodes et outils, de Arnaud Grob","footnotes":""},"categories":[73,54],"tags":[],"class_list":["post-111349","post","type-post","status-publish","format-standard","hentry","category-actualite","category-maroc"],"_links":{"self":[{"href":"https:\/\/linitiative.ca\/International\/wp-json\/wp\/v2\/posts\/111349","targetHints":{"allow":["GET"]}}],"collection":[{"href":"https:\/\/linitiative.ca\/International\/wp-json\/wp\/v2\/posts"}],"about":[{"href":"https:\/\/linitiative.ca\/International\/wp-json\/wp\/v2\/types\/post"}],"author":[{"embeddable":true,"href":"https:\/\/linitiative.ca\/International\/wp-json\/wp\/v2\/users\/1759"}],"replies":[{"embeddable":true,"href":"https:\/\/linitiative.ca\/International\/wp-json\/wp\/v2\/comments?post=111349"}],"version-history":[{"count":0,"href":"https:\/\/linitiative.ca\/International\/wp-json\/wp\/v2\/posts\/111349\/revisions"}],"wp:attachment":[{"href":"https:\/\/linitiative.ca\/International\/wp-json\/wp\/v2\/media?parent=111349"}],"wp:term":[{"taxonomy":"category","embeddable":true,"href":"https:\/\/linitiative.ca\/International\/wp-json\/wp\/v2\/categories?post=111349"},{"taxonomy":"post_tag","embeddable":true,"href":"https:\/\/linitiative.ca\/International\/wp-json\/wp\/v2\/tags?post=111349"}],"curies":[{"name":"wp","href":"https:\/\/api.w.org\/{rel}","templated":true}]}}