{"id":111352,"date":"2021-02-16T11:15:35","date_gmt":"2021-02-16T16:15:35","guid":{"rendered":"https:\/\/linitiative.ca\/International\/marrakech-maltraitee-par-son-amant-elle-se-jette-dans-le-vide\/"},"modified":"2021-02-16T11:15:35","modified_gmt":"2021-02-16T16:15:35","slug":"marrakech-maltraitee-par-son-amant-elle-se-jette-dans-le-vide","status":"publish","type":"post","link":"https:\/\/linitiative.ca\/International\/marrakech-maltraitee-par-son-amant-elle-se-jette-dans-le-vide\/","title":{"rendered":"Marrakech : Maltrait\u00e9e par son amant,  elle se jette dans le vide"},"content":{"rendered":"<header>\n<\/header>\n<div class=\"entry-content clearfix\" readability=\"57\">\n<figure class=\"post-thumbnail\" itemprop=\"associatedMedia\" itemscope=\"itemscope\" itemtype=\"http:\/\/schema.org\/ImageObject\"><img decoding=\"async\" class=\"post_layout_5_img\" src=\"http:\/\/aujourdhui.ma\/wp-content\/uploads\/2020\/07\/simple-malentendu-d\u00e9g\u00e9n\u00e8re-en-meurtre.jpg\" alt=\"Marrakech : Maltrait\u00e9e par son amant, elle se jette dans le vide\"\/><\/figure>\n<p><span class=\"c5\"><strong>Impliqu\u00e9 dans le meurtre de son amante, une jeune ing\u00e9nieure, un Marocain r\u00e9sidant \u00e0 l\u2019\u00e9tranger a \u00e9t\u00e9 maintenu, par le parquet g\u00e9n\u00e9ral pr\u00e8s la Cour d\u2019appel de Marrakech, en d\u00e9tention pr\u00e9ventive.<\/strong><\/span><span id=\"more-368437\"\/><\/p>\n<p>En effet, l\u2019affaire remonte \u00e0 la nuit du mardi au mercredi, 9 au 10 f\u00e9vrier, quand un malentendu a \u00e9clat\u00e9 entre les deux amants suivi d\u2019une dispute puis d\u2019une bagarre, \u00e0 l\u2019int\u00e9rieur d\u2019un appartement situ\u00e9 dans une r\u00e9sidence du quartier Gueliz, \u00e0 la cit\u00e9 ocre. Ne supportant plus la violence de son amant, la jeune femme a quitt\u00e9, en courant, l\u2019appartement pour rejoindre sa s\u0153ur et son amant, un ressortissant fran\u00e7ais, qui occupaient l\u2019appartement d\u2019en face. Ces derniers sont intervenus pour emp\u00eacher le MRE de retrouver la jeune fille qui s\u2019est r\u00e9fugi\u00e9e \u00e0 l\u2019int\u00e9rieur d\u2019une chambre. D\u00e8s que le MRE s\u2019est calm\u00e9, ils sont, tous les trois, entr\u00e9s \u00e0 la chambre pour calmer \u00e9galement la jeune fille. Mais, ils ne l\u2019ont pas trouv\u00e9e. Elle s\u2019est jet\u00e9e d\u2019une fen\u00eatre et a rendu l\u2019\u00e2me.<\/p>\n<\/div>\n<p>Auteur: Abderrafii ALOUMLIKI<br \/>\n<a href=\"https:\/\/aujourdhui.ma\/faits-divers\/marrakech-maltraitee-par-son-amant-elle-se-jette-dans-le-vide\">Cliquez ici pour lire l&rsquo;article depuis sa source.<\/a><\/p>\n","protected":false},"excerpt":{"rendered":"<p>Impliqu\u00e9 dans le meurtre de son amante, une jeune ing\u00e9nieure, un Marocain r\u00e9sidant \u00e0 l\u2019\u00e9tranger a \u00e9t\u00e9 maintenu, par le parquet g\u00e9n\u00e9ral pr\u00e8s la Cour d\u2019appel de Marrakech, en d\u00e9tention pr\u00e9ventive. En effet, l\u2019affaire remonte \u00e0 la nuit du mardi au mercredi, 9 au 10 f\u00e9vrier, quand un malentendu a \u00e9clat\u00e9 entre les deux amants [&hellip;]<\/p>\n","protected":false},"author":1759,"featured_media":0,"comment_status":"closed","ping_status":"closed","sticky":false,"template":"","format":"standard","meta":{"fifu_image_url":"http:\/\/aujourdhui.ma\/wp-content\/uploads\/2020\/07\/simple-malentendu-d\u00e9g\u00e9n\u00e8re-en-meurtre.jpg","fifu_image_alt":"Marrakech : Maltrait\u00e9e par son amant,  elle se jette dans le vide","footnotes":""},"categories":[73,54],"tags":[],"class_list":["post-111352","post","type-post","status-publish","format-standard","hentry","category-actualite","category-maroc"],"_links":{"self":[{"href":"https:\/\/linitiative.ca\/International\/wp-json\/wp\/v2\/posts\/111352","targetHints":{"allow":["GET"]}}],"collection":[{"href":"https:\/\/linitiative.ca\/International\/wp-json\/wp\/v2\/posts"}],"about":[{"href":"https:\/\/linitiative.ca\/International\/wp-json\/wp\/v2\/types\/post"}],"author":[{"embeddable":true,"href":"https:\/\/linitiative.ca\/International\/wp-json\/wp\/v2\/users\/1759"}],"replies":[{"embeddable":true,"href":"https:\/\/linitiative.ca\/International\/wp-json\/wp\/v2\/comments?post=111352"}],"version-history":[{"count":0,"href":"https:\/\/linitiative.ca\/International\/wp-json\/wp\/v2\/posts\/111352\/revisions"}],"wp:attachment":[{"href":"https:\/\/linitiative.ca\/International\/wp-json\/wp\/v2\/media?parent=111352"}],"wp:term":[{"taxonomy":"category","embeddable":true,"href":"https:\/\/linitiative.ca\/International\/wp-json\/wp\/v2\/categories?post=111352"},{"taxonomy":"post_tag","embeddable":true,"href":"https:\/\/linitiative.ca\/International\/wp-json\/wp\/v2\/tags?post=111352"}],"curies":[{"name":"wp","href":"https:\/\/api.w.org\/{rel}","templated":true}]}}