{"id":111354,"date":"2021-02-16T09:16:31","date_gmt":"2021-02-16T14:16:31","guid":{"rendered":"https:\/\/linitiative.ca\/International\/%ef%bb%bfronaldo-revient-a-porto-haaland-repart-en-chasse\/"},"modified":"2021-02-16T09:16:31","modified_gmt":"2021-02-16T14:16:31","slug":"%ef%bb%bfronaldo-revient-a-porto-haaland-repart-en-chasse","status":"publish","type":"post","link":"https:\/\/linitiative.ca\/International\/%ef%bb%bfronaldo-revient-a-porto-haaland-repart-en-chasse\/","title":{"rendered":"\ufeffRonaldo revient \u00e0 Porto, Haaland repart en chasse"},"content":{"rendered":"<p class=\"c1\"><strong>Ligue des Champions<\/strong><\/p>\n<p><strong>Idole du Portugal, Cristiano Ronaldo revient avec la Juventus dans son pays natal pour d\u00e9fier les \u00ab\u00a0Dragons\u00a0\u00bb du FC Porto, mercredi en 8e de finale aller de Ligue des champions, tandis qu\u2019Erling Braut Haaland reprend \u00e0 S\u00e9ville sa chasse aux buts avec Dortmund.<\/strong><\/p>\n<p>A 36 ans, Ronaldo va disputer son premier match avec le maillot de la \u00ab\u00a0Vieille Dame\u00a0\u00bb sur le dos face \u00e0 une \u00e9quipe de son pays. Lors de sa derni\u00e8re venue en C1 au stade du Dragon, en avril 2009, \u00ab\u00a0CR7\u00a0\u00bb avait offert la qualification en demi-finale \u00e0 Manchester United.<\/p>\n<p>La star de la Sele\u00e7\u00e3o va retrouver un FC Porto qui tourne au ralenti. L\u2019\u00e9quipe dirig\u00e9e par Sergio Concei\u00e7ao reste sur quatre matches nuls, dont le dernier ce week-end face au mal class\u00e9 Boavista (2-2) qui menait de deux buts \u00e0 la pause\u2026<\/p>\n<p>La Juventus n\u2019a pas non plus gagn\u00e9 ses deux derniers matches, mais la d\u00e9faite (1-0) samedi \u00e0 Naples doit plus au talent et \u00e0 l\u2019efficacit\u00e9 de son adversaire, qu\u2019\u00e0 un v\u00e9ritable coup de mou.<\/p>\n<p>Et l\u2019\u00e9quipe italienne peut miser sur son \u00ab\u00a0Monsieur Ligue des champions\u00a0\u00bb. Ronaldo, meilleur buteur et meilleur passeur d\u00e9cisif de l\u2019histoire en Coupe d\u2019Europe, compte d\u00e9j\u00e0 quatre buts en quatre matches cette saison dans la comp\u00e9tition reine.<\/p>\n<p>A ce petit jeu, la p\u00e9pite norv\u00e9gienne Haaland a fait encore mieux. L\u2019attaquant du Borussia Dortmund, 20 ans, a enfil\u00e9 pas moins de six buts en quatre rencontres de C1!<\/p>\n<p>Mal embarqu\u00e9 en championnat et d\u00e9j\u00e0 tourn\u00e9 vers la saison prochaine avec l\u2019annonce lundi de l\u2019arriv\u00e9e cet \u00e9t\u00e9 de l\u2019entra\u00eeneur de M\u00f6nchengladbach Marco Rose, l\u2019actuel sixi\u00e8me de Bundesliga se rend chez une \u00e9quipe du S\u00e9ville FC qui marche sur l\u2019eau actuellement, avec neuf victoires de rang.<\/p>\n<p>Le club, entra\u00een\u00e9 par Julen Lopetegui, s\u2019est renforc\u00e9 cet hiver avec l\u2019arriv\u00e9e d\u2019Alejandro \u00ab\u00a0Papu\u00a0\u00bb Gomez, ex-meneur de jeu embl\u00e9matique de l\u2019Atalanta Bergame.<\/p>\n<p>Les 8es de finale aller s\u2019\u00e9tirent jusqu\u2019au 24 f\u00e9vrier, avec notamment le d\u00e9placement du champion en titre, le Bayern Munich, sur le terrain de la Lazio Rome le 23.<\/p>\n<p>Auteur: M&rsquo;hammed rahal<br \/>\n<a href=\"http:\/\/albayane.press.ma\/%EF%BB%BFronaldo-revient-a-porto-haaland-repart-en-chasse.html\">Cliquez ici pour lire l&rsquo;article depuis sa source.<\/a><\/p>\n","protected":false},"excerpt":{"rendered":"<p>Ligue des Champions Idole du Portugal, Cristiano Ronaldo revient avec la Juventus dans son pays natal pour d\u00e9fier les \u00ab\u00a0Dragons\u00a0\u00bb du FC Porto, mercredi en 8e de finale aller de Ligue des champions, tandis qu\u2019Erling Braut Haaland reprend \u00e0 S\u00e9ville sa chasse aux buts avec Dortmund. A 36 ans, Ronaldo va disputer son premier match [&hellip;]<\/p>\n","protected":false},"author":1760,"featured_media":0,"comment_status":"closed","ping_status":"closed","sticky":false,"template":"","format":"standard","meta":{"fifu_image_url":"","fifu_image_alt":"","footnotes":""},"categories":[73,54],"tags":[],"class_list":["post-111354","post","type-post","status-publish","format-standard","hentry","category-actualite","category-maroc"],"_links":{"self":[{"href":"https:\/\/linitiative.ca\/International\/wp-json\/wp\/v2\/posts\/111354","targetHints":{"allow":["GET"]}}],"collection":[{"href":"https:\/\/linitiative.ca\/International\/wp-json\/wp\/v2\/posts"}],"about":[{"href":"https:\/\/linitiative.ca\/International\/wp-json\/wp\/v2\/types\/post"}],"author":[{"embeddable":true,"href":"https:\/\/linitiative.ca\/International\/wp-json\/wp\/v2\/users\/1760"}],"replies":[{"embeddable":true,"href":"https:\/\/linitiative.ca\/International\/wp-json\/wp\/v2\/comments?post=111354"}],"version-history":[{"count":0,"href":"https:\/\/linitiative.ca\/International\/wp-json\/wp\/v2\/posts\/111354\/revisions"}],"wp:attachment":[{"href":"https:\/\/linitiative.ca\/International\/wp-json\/wp\/v2\/media?parent=111354"}],"wp:term":[{"taxonomy":"category","embeddable":true,"href":"https:\/\/linitiative.ca\/International\/wp-json\/wp\/v2\/categories?post=111354"},{"taxonomy":"post_tag","embeddable":true,"href":"https:\/\/linitiative.ca\/International\/wp-json\/wp\/v2\/tags?post=111354"}],"curies":[{"name":"wp","href":"https:\/\/api.w.org\/{rel}","templated":true}]}}