{"id":111355,"date":"2021-02-16T09:21:04","date_gmt":"2021-02-16T14:21:04","guid":{"rendered":"https:\/\/linitiative.ca\/International\/des-lanceurs-dalerte-qui-ne-lachent-rien\/"},"modified":"2021-02-16T09:21:04","modified_gmt":"2021-02-16T14:21:04","slug":"des-lanceurs-dalerte-qui-ne-lachent-rien","status":"publish","type":"post","link":"https:\/\/linitiative.ca\/International\/des-lanceurs-dalerte-qui-ne-lachent-rien\/","title":{"rendered":"Des lanceurs d\u2019alerte qui ne l\u00e2chent rien"},"content":{"rendered":"<p class=\"c1\">\u00abSave Casablanca\u00bb<\/p>\n<p><strong>Face \u00e0 la multitude de probl\u00e8mes li\u00e9s \u00e0 la gestion locale des affaires de la capitale \u00e9conomique, est n\u00e9 sur les r\u00e9seaux sociaux un groupe baptis\u00e9 \u201cSave Casablanca\u201d qui s\u2019assigne pour objectif fondamental la d\u00e9fense du patrimoine et de la m\u00e9moire de la ville.<\/strong><\/p>\n<p>Le mouvement, qui compte des milliers de membres, a choisi de partager les probl\u00e8mes et les aspirations de la ville, via les r\u00e9seaux sociaux (Facebook), moyen de vigilance citoyenne, dans le but de faire cesser les nuisances, pointer les responsabilit\u00e9s, apporter des propositions concr\u00e8tes et contribuer au d\u00e9veloppement local.<\/p>\n<p>Le recours aux r\u00e9seaux sociaux \u00e9tait une r\u00e9action logique de certains Casablancais soucieux de l\u2019avenir de leur ville, notamment pour ce qui est de la gestion locale, de la propret\u00e9 et des infrastructures de base.<\/p>\n<p>Les r\u00e9seaux sociaux offrent, en effet, une bonne opportunit\u00e9 \u00e0 l\u2019ensemble des citoyens et \u00e0 la soci\u00e9t\u00e9 civile pour s\u2019exprimer librement et faire entendre leur voix.<\/p>\n<p>A travers diff\u00e9rentes contributions (textes, photos et vid\u00e9os), le mouvement ambitionne d\u2019agir de mani\u00e8re positive et citoyenne pour faire part des dysfonctionnements, des failles et des maux dont souffre la capitale \u00e9conomique dans la perspective d\u2019aider \u00e0 y trouver les rem\u00e8des appropri\u00e9s et inciter les d\u00e9cideurs \u00e0 prendre les mesures qui s\u2019imposent.<\/p>\n<p>Casablanca souffre, en effet, d\u2019un d\u00e9ficit de gouvernance et patauge dans un grand nombre de dysfonctionnements qui touchent tous les secteurs vitaux de la ville: propret\u00e9, transport, occupation de l\u2019espace public, \u00e9tat des espaces verts, des chauss\u00e9es et des trottoirs, assainissement et \u00e9clairage public, comme soulign\u00e9 par la fondatrice du groupe Mouna Hachem.<\/p>\n<p>\u201cPartant de l\u00e0, il \u00e9tait impossible d\u2019assister impuissants, sans soulever au moins devant l\u2019opinion publique, les diff\u00e9rents probl\u00e8mes de gestion en esp\u00e9rant leur r\u00e8glement dans le cadre d\u2019une d\u00e9mocratie participative\u201d, a confi\u00e9 \u00e0 la MAP, Mme Hachem, \u00e9crivain et f\u00e9rue d\u2019histoire et de patrimoine.<\/p>\n<p>D\u00e8s le d\u00e9part de sa cr\u00e9ation, un noyau dur s\u2019est form\u00e9 autour du groupe avec pour co-administrateur de la premi\u00e8re heure, un sp\u00e9cialiste en sociologie urbaine, Ahmed Hamid Chitachni, a-t-elle rappel\u00e9.<\/p>\n<p>Aujourd\u2019hui, le groupe compte, selon elle, quelque 250.000 membres, de tous milieux socio-professionnels, en progression continue, avec pour combat collectif le bien-\u00eatre dans une m\u00e9tropole en perp\u00e9tuelles mutations socio-\u00e9conomiques.<\/p>\n<p>Les principaux objectifs et missions de ce mouvement consistent d\u2019abord \u00e0 f\u00e9d\u00e9rer les Casablancais loin de tout calcul partisan et de tout slogan marketing d\u00e9phas\u00e9 avec la r\u00e9alit\u00e9 v\u00e9cue et observ\u00e9e au quotidien, et d\u00e9noncer ensuite les distorsions et le d\u00e9ficit de la gouvernance locale, a expliqu\u00e9 Mme Hachem.<\/p>\n<p>L\u2019objectif escompt\u00e9 vise aussi \u00e0 faire entendre la voix citoyenne des laiss\u00e9s pour compte, \u00e0 d\u00e9noncer toutes formes d\u2019incivilit\u00e9 et \u00e0 contribuer de fa\u00e7on participative au bien-\u00eatre collectif, a-t-elle ajout\u00e9.<\/p>\n<p>Le groupe, qui s\u2019est fait une r\u00e9putation au fil du temps, jouit d\u00e9sormais d\u2019une certaine influence aupr\u00e8s des d\u00e9cideurs, et est suivi par les m\u00e9dias, les \u00e9lus et divers responsables qui \u201cn\u2019h\u00e9sitent pas de temps en temps \u00e0 satisfaire les dol\u00e9ances des citoyens\u201d, s\u2019est f\u00e9licit\u00e9e Mme Hachem.<\/p>\n<p>Auteur: M&rsquo;hammed rahal<br \/>\n<a href=\"http:\/\/albayane.press.ma\/des-lanceurs-dalerte-qui-ne-lachent-rien.html\">Cliquez ici pour lire l&rsquo;article depuis sa source.<\/a><\/p>\n","protected":false},"excerpt":{"rendered":"<p>\u00abSave Casablanca\u00bb Face \u00e0 la multitude de probl\u00e8mes li\u00e9s \u00e0 la gestion locale des affaires de la capitale \u00e9conomique, est n\u00e9 sur les r\u00e9seaux sociaux un groupe baptis\u00e9 \u201cSave Casablanca\u201d qui s\u2019assigne pour objectif fondamental la d\u00e9fense du patrimoine et de la m\u00e9moire de la ville. Le mouvement, qui compte des milliers de membres, a [&hellip;]<\/p>\n","protected":false},"author":1760,"featured_media":0,"comment_status":"closed","ping_status":"closed","sticky":false,"template":"","format":"standard","meta":{"fifu_image_url":"","fifu_image_alt":"","footnotes":""},"categories":[73,54],"tags":[],"class_list":["post-111355","post","type-post","status-publish","format-standard","hentry","category-actualite","category-maroc"],"_links":{"self":[{"href":"https:\/\/linitiative.ca\/International\/wp-json\/wp\/v2\/posts\/111355","targetHints":{"allow":["GET"]}}],"collection":[{"href":"https:\/\/linitiative.ca\/International\/wp-json\/wp\/v2\/posts"}],"about":[{"href":"https:\/\/linitiative.ca\/International\/wp-json\/wp\/v2\/types\/post"}],"author":[{"embeddable":true,"href":"https:\/\/linitiative.ca\/International\/wp-json\/wp\/v2\/users\/1760"}],"replies":[{"embeddable":true,"href":"https:\/\/linitiative.ca\/International\/wp-json\/wp\/v2\/comments?post=111355"}],"version-history":[{"count":0,"href":"https:\/\/linitiative.ca\/International\/wp-json\/wp\/v2\/posts\/111355\/revisions"}],"wp:attachment":[{"href":"https:\/\/linitiative.ca\/International\/wp-json\/wp\/v2\/media?parent=111355"}],"wp:term":[{"taxonomy":"category","embeddable":true,"href":"https:\/\/linitiative.ca\/International\/wp-json\/wp\/v2\/categories?post=111355"},{"taxonomy":"post_tag","embeddable":true,"href":"https:\/\/linitiative.ca\/International\/wp-json\/wp\/v2\/tags?post=111355"}],"curies":[{"name":"wp","href":"https:\/\/api.w.org\/{rel}","templated":true}]}}