{"id":111357,"date":"2021-02-16T09:23:48","date_gmt":"2021-02-16T14:23:48","guid":{"rendered":"https:\/\/linitiative.ca\/International\/loriental-fashion-show-hind-joudar-recidive\/"},"modified":"2021-02-16T09:23:48","modified_gmt":"2021-02-16T14:23:48","slug":"loriental-fashion-show-hind-joudar-recidive","status":"publish","type":"post","link":"https:\/\/linitiative.ca\/International\/loriental-fashion-show-hind-joudar-recidive\/","title":{"rendered":"L\u2019\u00abOriental fashion show\u00bb : Hind Joudar r\u00e9cidive"},"content":{"rendered":"<p class=\"c1\"><strong>En mode virtuel pour r\u00e9sister aux al\u00e9as de la pand\u00e9mie<\/strong><\/p>\n<p class=\"c2\">Par Jalila AJAJA-MAP<\/p>\n<p><strong>Apr\u00e8s une premi\u00e8re \u00e9dition virtuelle en juillet dernier, l\u2019Oriental fashion show (OFS), un \u00e9v\u00e9nement mode d\u2019envergure internationale qui c\u00e9l\u00e8bre la haute couture orientale et porte haut et fort la cr\u00e9ation marocaine, est revenu de nouveau sur le devant de la sc\u00e8ne en organisant fin janvier une deuxi\u00e8me \u00e9dition tout aussi r\u00e9ussie que la pr\u00e9c\u00e9dente.<\/strong><\/p>\n<p>En raison de la pand\u00e9mie, l\u2019industrie de la mode est oblig\u00e9e de se r\u00e9inventer et de modifier ses habitudes pour pouvoir r\u00e9sister. L\u2019heure est \u00e0 l\u2019innovation et l\u2019Oriental Fashion Show ne d\u00e9roge pas \u00e0 cette nouvelle r\u00e8gle.<\/p>\n<p>L\u2019\u00e9v\u00e9nement, qui a pour habitude de sillonner le monde, d\u2019escale en escale, afin de retracer l\u2019histoire m\u00e9tiss\u00e9e de la mode orientale et faire valoir un patrimoine souvent m\u00e9connu, a d\u00e9cid\u00e9 d\u2019explorer le champ du virtuel afin de mieux appr\u00e9hender l\u2019avenir, affirme \u00e0 la MAP, la fondatrice de l\u2019Oriental fashion show, la Marocaine Hind Joudar, install\u00e9e \u00e0 Paris. R\u00e9sultat: deux \u00e9v\u00e8nements digitaux in\u00e9dits qui ont fait la part belle \u00e0 la cr\u00e9ation orientale, notamment marocaine.<\/p>\n<p>Le premier, tenu du 3 au 8 juillet a \u00e9t\u00e9 marqu\u00e9 par la retransmission sur le web de d\u00e9fil\u00e9s de mode de la couture orientale, des r\u00e9trospectives vid\u00e9o des plus beaux podiums de l\u2019Oriental Fashion Show depuis sa cr\u00e9ation, ainsi que des webinaires avec des cr\u00e9ateurs afin de d\u00e9finir les contours de la mode de demain, se pencher sur l\u2019avenir de l\u2019industrie et appr\u00e9hender les nouveaux enjeux qui se profilent.<\/p>\n<p>Suite au succ\u00e8s de cette premi\u00e8re semaine de la mode digitale, Hind Joudar et son \u00e9quipe d\u00e9cident de reconduire l\u2019exp\u00e9rience pour le plus grand plaisir du public, aussi bien professionnel qu\u2019amateur de l\u2019Oriental fashion show. C\u2019est ainsi qu\u2019une deuxi\u00e8me \u00e9dition, toujours en ligne, pand\u00e9mie oblige!, est organis\u00e9e en ligne du 24 au 28 janvier dernier, relate Hind Joudar.<\/p>\n<p>Une fa\u00e7on pour l\u2019Oriental fashion show, qui en est \u00e0 sa 36\u00e8me \u00e9dition, de r\u00e9affirmer son engagement en faveur de la sauvegarde du costume traditionnel marocain, se f\u00e9licite non sans fiert\u00e9 sa fondatrice.<\/p>\n<p>Pour garantir plein succ\u00e8s \u00e0 cette nouvelle \u00e9dition tout aussi in\u00e9dite, Hind Joudar et son \u00e9quipe ont fait le choix de se d\u00e9placer au Maroc et optent pour la ville imp\u00e9riale de F\u00e8s pour les tournages en vue de la pr\u00e9sentation des collections printemps\/\u00e9t\u00e9 durant la semaine de la haute couture parisienne.<\/p>\n<p>Ces tournages ont eu lieu dans des h\u00f4tels hupp\u00e9s de la ville, \u00e0 l\u2019architecture \u00e9l\u00e9gante et \u00e9pur\u00e9e, et dans des Riyad sublimes dignes des mille et une nuits. \u00abUne exp\u00e9rience nouvelle o\u00f9 l\u2019art de la mode orientale se m\u00eale aux splendeurs de l\u2019architecture mauresque et moderne \u00bb, comme le tient \u00e0 souligner la fondatrice de l\u2019Oriental Fashion Show.<\/p>\n<p>Des lieux sublimes servant de v\u00e9ritables \u00e9crins pour mettre en valeur la cr\u00e9ation de nombre de designers orientaux, notamment Marocains. Des cr\u00e9ations que l\u2019on a pu d\u00e9couvrir sur les r\u00e9seaux sociaux de l\u2019OFS.<\/p>\n<p>C\u2019est ainsi que les adeptes de la mode traditionnelle ont eu l\u2019occasion de d\u00e9couvrir les magnifiques cr\u00e9ations de quatre designers marocaines : Fatima-Zahra El Filali Idrissi, Nezha Cherkaoui, Zineb Bensaid et Houda Benmlih. Un hommage \u00e0 la cr\u00e9ation et au riche patrimoine marocain, mais aussi \u00e0 la dext\u00e9rit\u00e9 et au professionnalisme des artisans marocains.<\/p>\n<p>Aux c\u00f4t\u00e9s des stylistes marocaines, la fashion week digitale a \u00e9t\u00e9 marqu\u00e9e \u00e9galement par la participation de nombreux cr\u00e9ateurs de talent, d\u00e9nich\u00e9s par la fondatrice de l\u2019OFS, aux quatre coins de l\u2019Asie : du Kazakhstan, en passant par l\u2019\u00c9gypte, le Vietnam, Singapour, l\u2019Indon\u00e9sie, le Cambodge, la Chine, l\u2019Ouzb\u00e9kistan ou encore la Malaisie.<\/p>\n<p>Une fa\u00e7on originale de l\u2019OFS de montrer la grande richesse des savoir-faire \u00e0 la fois moderne et traditionnel de l\u2019Orient.<\/p>\n<p>\u00c9v\u00e9nement phare de l\u2019association \u00ab Route de la Soie et d\u2019Al Andalus \u00bb, qui a pour but premier de valoriser un art de vivre, un savoir-\u00eatre s\u2019inscrivant dans un patrimoine universel, l\u2019OFS a \u00e9t\u00e9 cr\u00e9\u00e9 par Hind Joudar en 2004. Bas\u00e9 \u00e0 Paris, cet \u00e9v\u00e9nement sillonne le monde et les hauts lieux de la mode \u00e0 fort potentiel m\u00e9diatique: Paris, Londres, Doha, Kowe\u00eft, Marrakech, Moscou, Istanbul, Almaty (Kazakhstan), Samarcande (Ouzb\u00e9kistan), Istanbul\u2026<\/p>\n<p>Plus qu\u2019un d\u00e9fil\u00e9 de mode, l\u2019OFS est devenu au fil des ans une v\u00e9ritable tribune artistique, un dialogue culturel entre l\u2019Orient et l\u2019Occident.<\/p>\n<p>A travers ses nombreuses productions, l\u2019Oriental Fashion Show a pu promouvoir plus de 100 stylistes de 50 nationalit\u00e9s diff\u00e9rentes, parmi eux de nombreux Marocains qui ont pu se faire un nom sur la sc\u00e8ne de la mode mondiale.<\/p>\n<p>Auteur: M&rsquo;hammed rahal<br \/>\n<a href=\"http:\/\/albayane.press.ma\/loriental-fashion-show-hind-joudar-recidive.html\">Cliquez ici pour lire l&rsquo;article depuis sa source.<\/a><\/p>\n","protected":false},"excerpt":{"rendered":"<p>En mode virtuel pour r\u00e9sister aux al\u00e9as de la pand\u00e9mie Par Jalila AJAJA-MAP Apr\u00e8s une premi\u00e8re \u00e9dition virtuelle en juillet dernier, l\u2019Oriental fashion show (OFS), un \u00e9v\u00e9nement mode d\u2019envergure internationale qui c\u00e9l\u00e8bre la haute couture orientale et porte haut et fort la cr\u00e9ation marocaine, est revenu de nouveau sur le devant de la sc\u00e8ne en [&hellip;]<\/p>\n","protected":false},"author":1760,"featured_media":0,"comment_status":"closed","ping_status":"closed","sticky":false,"template":"","format":"standard","meta":{"fifu_image_url":"","fifu_image_alt":"","footnotes":""},"categories":[73,54],"tags":[],"class_list":["post-111357","post","type-post","status-publish","format-standard","hentry","category-actualite","category-maroc"],"_links":{"self":[{"href":"https:\/\/linitiative.ca\/International\/wp-json\/wp\/v2\/posts\/111357","targetHints":{"allow":["GET"]}}],"collection":[{"href":"https:\/\/linitiative.ca\/International\/wp-json\/wp\/v2\/posts"}],"about":[{"href":"https:\/\/linitiative.ca\/International\/wp-json\/wp\/v2\/types\/post"}],"author":[{"embeddable":true,"href":"https:\/\/linitiative.ca\/International\/wp-json\/wp\/v2\/users\/1760"}],"replies":[{"embeddable":true,"href":"https:\/\/linitiative.ca\/International\/wp-json\/wp\/v2\/comments?post=111357"}],"version-history":[{"count":0,"href":"https:\/\/linitiative.ca\/International\/wp-json\/wp\/v2\/posts\/111357\/revisions"}],"wp:attachment":[{"href":"https:\/\/linitiative.ca\/International\/wp-json\/wp\/v2\/media?parent=111357"}],"wp:term":[{"taxonomy":"category","embeddable":true,"href":"https:\/\/linitiative.ca\/International\/wp-json\/wp\/v2\/categories?post=111357"},{"taxonomy":"post_tag","embeddable":true,"href":"https:\/\/linitiative.ca\/International\/wp-json\/wp\/v2\/tags?post=111357"}],"curies":[{"name":"wp","href":"https:\/\/api.w.org\/{rel}","templated":true}]}}