{"id":111362,"date":"2021-02-16T11:18:00","date_gmt":"2021-02-16T16:18:00","guid":{"rendered":"https:\/\/linitiative.ca\/International\/ladolescente-kenza-sadat-retrouvee-morte-dans-une-foret\/"},"modified":"2021-02-16T11:18:00","modified_gmt":"2021-02-16T16:18:00","slug":"ladolescente-kenza-sadat-retrouvee-morte-dans-une-foret","status":"publish","type":"post","link":"https:\/\/linitiative.ca\/International\/ladolescente-kenza-sadat-retrouvee-morte-dans-une-foret\/","title":{"rendered":"L\u2019adolescente Kenza Sadat retrouv\u00e9e morte dans une for\u00eat"},"content":{"rendered":"<div id=\"originalText\" readability=\"57\">\n<p>Le corps sans vie d\u2019une jeune adolescente de 17 ans, Kenza Sadat, disparue depuis le 1er f\u00e9vrier dernier,\u00a0 \u00e0 Azazga, \u00e0 37 kilom\u00e8tres \u00e0 l\u2019est de la ville de Tizi-Ouzou, a \u00e9t\u00e9 retrouv\u00e9, ce mardi, dans la vaste for\u00eat d\u2019Ath Aissi, dans la commune voisine de Yakour\u00e8ne.<\/p>\n<p>Selon des sources concordantes, c\u2019est un berger de cette m\u00eame localit\u00e9 qui a fait, par hasard, la d\u00e9couverte macabre avant d\u2019alerter les services de s\u00e9curit\u00e9, qui se sont rendus imm\u00e9diatement sur les lieux pour les besoins de l\u2019enqu\u00eate. La\u00a0 d\u00e9pouille de la jeune adolescente a \u00e9t\u00e9 transf\u00e9r\u00e9e vers la morgue de l\u2019Hopital d\u2019Azazga pour autopsie.<\/p>\n<p>Selon les m\u00eames sources, le corps de la victime portait des traces de violence dont une blessure caus\u00e9e par une arme blanche.<\/p>\n<p class=\"c6\"><strong>K. Tighilt pour R\u00e9daction Web\u00a0<\/strong><\/p>\n<\/div>\n<div id=\"text_core\" readability=\"57\">\n<p>Le corps sans vie d\u2019une jeune adolescente de 17 ans, Kenza Sadat, disparue depuis le 1er f\u00e9vrier dernier,\u00a0 \u00e0 Azazga, \u00e0 37 kilom\u00e8tres \u00e0 l\u2019est de la ville de Tizi-Ouzou, a \u00e9t\u00e9 retrouv\u00e9, ce mardi, dans la vaste for\u00eat d\u2019Ath Aissi, dans la commune voisine de Yakour\u00e8ne.<\/p>\n<p>Selon des sources concordantes, c\u2019est un berger de cette m\u00eame localit\u00e9 qui a fait, par hasard, la d\u00e9couverte macabre avant d\u2019alerter les services de s\u00e9curit\u00e9, qui se sont rendus imm\u00e9diatement sur les lieux pour les besoins de l\u2019enqu\u00eate. La\u00a0 d\u00e9pouille de la jeune adolescente a \u00e9t\u00e9 transf\u00e9r\u00e9e vers la morgue de l\u2019Hopital d\u2019Azazga pour autopsie.<\/p>\n<p>Selon les m\u00eames sources, le corps de la victime portait des traces de violence dont une blessure caus\u00e9e par une arme blanche.<\/p>\n<p class=\"c6\"><strong>K. Tighilt pour R\u00e9daction Web\u00a0<\/strong><\/p>\n<\/div>\n<p>Auteur:<br \/>\n<a href=\"https:\/\/www.liberte-algerie.com\/actualite\/ladolescente-kenza-sadat-retrouvee-morte-dans-une-foret-354173\">Cliquez ici pour lire l&rsquo;article depuis sa source.<\/a><\/p>\n","protected":false},"excerpt":{"rendered":"<p>Le corps sans vie d\u2019une jeune adolescente de 17 ans, Kenza Sadat, disparue depuis le 1er f\u00e9vrier dernier,\u00a0 \u00e0 Azazga, \u00e0 37 kilom\u00e8tres \u00e0 l\u2019est de la ville de Tizi-Ouzou, a \u00e9t\u00e9 retrouv\u00e9, ce mardi, dans la vaste for\u00eat d\u2019Ath Aissi, dans la commune voisine de Yakour\u00e8ne. Selon des sources concordantes, c\u2019est un berger de [&hellip;]<\/p>\n","protected":false},"author":1742,"featured_media":0,"comment_status":"closed","ping_status":"closed","sticky":false,"template":"","format":"standard","meta":{"fifu_image_url":"","fifu_image_alt":"","footnotes":""},"categories":[73,53],"tags":[],"class_list":["post-111362","post","type-post","status-publish","format-standard","hentry","category-actualite","category-algerie"],"_links":{"self":[{"href":"https:\/\/linitiative.ca\/International\/wp-json\/wp\/v2\/posts\/111362","targetHints":{"allow":["GET"]}}],"collection":[{"href":"https:\/\/linitiative.ca\/International\/wp-json\/wp\/v2\/posts"}],"about":[{"href":"https:\/\/linitiative.ca\/International\/wp-json\/wp\/v2\/types\/post"}],"author":[{"embeddable":true,"href":"https:\/\/linitiative.ca\/International\/wp-json\/wp\/v2\/users\/1742"}],"replies":[{"embeddable":true,"href":"https:\/\/linitiative.ca\/International\/wp-json\/wp\/v2\/comments?post=111362"}],"version-history":[{"count":0,"href":"https:\/\/linitiative.ca\/International\/wp-json\/wp\/v2\/posts\/111362\/revisions"}],"wp:attachment":[{"href":"https:\/\/linitiative.ca\/International\/wp-json\/wp\/v2\/media?parent=111362"}],"wp:term":[{"taxonomy":"category","embeddable":true,"href":"https:\/\/linitiative.ca\/International\/wp-json\/wp\/v2\/categories?post=111362"},{"taxonomy":"post_tag","embeddable":true,"href":"https:\/\/linitiative.ca\/International\/wp-json\/wp\/v2\/tags?post=111362"}],"curies":[{"name":"wp","href":"https:\/\/api.w.org\/{rel}","templated":true}]}}