{"id":111365,"date":"2021-02-15T17:12:18","date_gmt":"2021-02-15T22:12:18","guid":{"rendered":"https:\/\/linitiative.ca\/International\/lifc-et-la-wilaya-de-marrakech-safi-sassocient-pour-soutenir-la-reprise\/"},"modified":"2021-02-15T17:12:18","modified_gmt":"2021-02-15T22:12:18","slug":"lifc-et-la-wilaya-de-marrakech-safi-sassocient-pour-soutenir-la-reprise","status":"publish","type":"post","link":"https:\/\/linitiative.ca\/International\/lifc-et-la-wilaya-de-marrakech-safi-sassocient-pour-soutenir-la-reprise\/","title":{"rendered":"L\u2019IFC et la Wilaya de Marrakech-Safi s\u2019associent pour soutenir la reprise"},"content":{"rendered":"<div readability=\"36\">\n<p>Marrakech \u2013 La Wilaya de la R\u00e9gion Marrakech-Safi et la Soci\u00e9t\u00e9 financi\u00e8re internationale (IFC) ont proc\u00e9d\u00e9, lundi dans la cit\u00e9 ocre, \u00e0 la signature d\u2019un accord de coop\u00e9ration visant \u00e0 soutenir la reprise \u00e9conomique dans cette r\u00e9gion importante du Maroc.<\/p>\n<\/div>\n<div readability=\"118\">\n<p>Sign\u00e9 par le Wali de la r\u00e9gion Marrakech-Safi, gouverneur de la pr\u00e9fecture de Marrakech, M. Karim Kassi-Lahlou, et le vice-pr\u00e9sident d\u2019IFC pour l\u2019Afrique et le Moyen-Orient, M. S\u00e9rgio Pimenta, ce partenariat pr\u00e9voit la mise en \u0153uvre d\u2019un programme d\u2019assistance technique au profit du Centre R\u00e9gional d\u2019Investissement (CRI) de Marrakech-Safi, dont le r\u00f4le est d\u2019accompagner de bout en bout les entreprises du secteur priv\u00e9 et de promouvoir les investissements dans la r\u00e9gion, en mettant en avant ses potentialit\u00e9s, jouant le r\u00f4le de m\u00e9diateur entre les diff\u00e9rents acteurs \u00e9conomiques et orientant les investisseurs vers les secteurs porteurs d\u2019avenir, contribuant ainsi \u00e0 l\u2019am\u00e9lioration de l\u2019environnement des affaires.<\/p>\n<p>\u00ab\u00a0Ce partenariat avec la Soci\u00e9t\u00e9 financi\u00e8re internationale va contribuer \u00e0 la promotion de la r\u00e9gion Marrakech-Safi en tant que destination privil\u00e9gi\u00e9e pour les investissements locaux et \u00e9trangers, et \u00e0 l\u2019am\u00e9lioration de la comp\u00e9titivit\u00e9 des entreprises au niveau de la r\u00e9gion\u00a0\u00bb, a soulign\u00e9 M. Kassi-Lahlou.<\/p>\n<p>Lors d\u2019une allocution \u00e0 cette occasion, le Wali a relev\u00e9 que cet accord de coop\u00e9ration permettra notamment d\u2019assurer l\u2019accompagnement des entreprises en sortie de crise li\u00e9e \u00e0 la pand\u00e9mie du nouveau coronavirus (Covid-19).<\/p>\n<p>Dans une d\u00e9claration \u00e0 la MAP, M. Pimenta a indiqu\u00e9 que \u00ab\u00a0le partenariat avec la Wilaya de Marrakech-Safi et le Centre R\u00e9gional d\u2019Investissement permettra de consolider le climat des affaires au niveau de la r\u00e9gion afin de favoriser les conditions d\u2019une relance inclusive, durable et r\u00e9siliente\u00a0\u00bb.<\/p>\n<p>Faisant savoir que \u00ab\u00a0le secteur priv\u00e9 a un r\u00f4le essentiel \u00e0 jouer dans la relance de l\u2019\u00e9conomie post-COVID\u00a0\u00bb, le responsable d\u2019IFC a relev\u00e9 que son organisation travaillera principalement avec la commune de Marrakech sur la r\u00e9duction des d\u00e9lais de paiement au profit des entreprises dont la tr\u00e9sorerie a \u00e9t\u00e9 fortement touch\u00e9e par la pand\u00e9mie.<\/p>\n<p>Pour sa part, M. Yassine Mseffer, Directeur G\u00e9n\u00e9ral du Centre R\u00e9gional d\u2019Investissement de Marrakech-Safi (CRI-MS), a expliqu\u00e9 que l\u2019accord sign\u00e9 avec l\u2019IFC, membre du Groupe de la Banque mondiale, a pour objectif de renforcer la capacit\u00e9 de l\u2019administration afin de mieux soutenir le secteur priv\u00e9.<\/p>\n<p>Ainsi, \u00ab\u00a0nous allons travailler principalement sur l\u2019am\u00e9lioration de la comp\u00e9titivit\u00e9 de la r\u00e9gion, notamment \u00e0 travers le CRI, pour am\u00e9liorer les proc\u00e9dures administratives de mani\u00e8re \u00e0 avoir un environnement de travail plus favorable\u00a0\u00bb, a expliqu\u00e9 M. Mseffer, qui a fait une pr\u00e9sentation sur le r\u00f4le d\u2019animateur \u00e9conomique r\u00e9gional que joue le CRI, ainsi que sur l\u2019am\u00e9lioration du climat des affaires dans la r\u00e9gion.<\/p>\n<p>Le processus de d\u00e9centralisation, dans lequel s\u2019est engag\u00e9 le Maroc depuis quelques ann\u00e9es, a renforc\u00e9 le r\u00f4le des entit\u00e9s r\u00e9gionales, ce qui permet une proximit\u00e9 et une am\u00e9lioration des services rendus aux citoyens et aux acteurs \u00e9conomiques. Cette approche permet aussi un soutien rapproch\u00e9 au secteur priv\u00e9 local pour la mise en place des projets de d\u00e9veloppement au profit des citoyens de ces r\u00e9gions.<\/p>\n<p>Le soutien d\u2019IFC \u00e0 cette d\u00e9marche de r\u00e9gionalisation du Maroc comprend trois composantes : le financement et l\u2019assistance technique aux projets d\u2019infrastructures prioritaires, l\u2019appui \u00e0 la structuration et la mise en \u0153uvre de partenariats public-priv\u00e9 (PPP) efficaces et enfin l\u2019am\u00e9lioration du climat des affaires.<\/p>\n<p>L\u2019an pass\u00e9, IFC a accord\u00e9 des financements aux r\u00e9gions de Casablanca-Settat et de F\u00e8s-Mekn\u00e8s pour les aider \u00e0 d\u00e9velopper leurs infrastructures prioritaires et faire face \u00e0 la pand\u00e9mie de la COVID-19.<\/p>\n<p>Ce projet est d\u00e9ploy\u00e9 en partenariat avec le Secr\u00e9tariat d\u2019Etat \u00e0 l\u2019Economie de la Conf\u00e9d\u00e9ration Suisse (SECO).<\/p>\n<p>IFC est pr\u00e9sente au Maroc depuis 1963 et a \u00e9t\u00e9 \u00e0 l\u2019origine de nombreux projets innovants pour le d\u00e9veloppement du secteur priv\u00e9. Lors de l\u2019ann\u00e9e fiscale 2020, cl\u00f4tur\u00e9e en juin, IFC a engag\u00e9 plus de 250 millions de dollars d\u2019investissements dans le pays.<\/p>\n<\/div>\n<p>Auteur: Meriem IGASS<br \/>\n<a href=\"http:\/\/www.mapmarrakech.ma\/fr\/lifc-et-la-wilaya-de-marrakech-safi-sassocient-pour-soutenir-la-reprise\/\">Cliquez ici pour lire l&rsquo;article depuis sa source.<\/a><\/p>\n","protected":false},"excerpt":{"rendered":"<p>Marrakech \u2013 La Wilaya de la R\u00e9gion Marrakech-Safi et la Soci\u00e9t\u00e9 financi\u00e8re internationale (IFC) ont proc\u00e9d\u00e9, lundi dans la cit\u00e9 ocre, \u00e0 la signature d\u2019un accord de coop\u00e9ration visant \u00e0 soutenir la reprise \u00e9conomique dans cette r\u00e9gion importante du Maroc. Sign\u00e9 par le Wali de la r\u00e9gion Marrakech-Safi, gouverneur de la pr\u00e9fecture de Marrakech, M. [&hellip;]<\/p>\n","protected":false},"author":1788,"featured_media":0,"comment_status":"closed","ping_status":"closed","sticky":false,"template":"","format":"standard","meta":{"fifu_image_url":"","fifu_image_alt":"","footnotes":""},"categories":[54,76],"tags":[],"class_list":["post-111365","post","type-post","status-publish","format-standard","hentry","category-maroc","category-regions"],"_links":{"self":[{"href":"https:\/\/linitiative.ca\/International\/wp-json\/wp\/v2\/posts\/111365","targetHints":{"allow":["GET"]}}],"collection":[{"href":"https:\/\/linitiative.ca\/International\/wp-json\/wp\/v2\/posts"}],"about":[{"href":"https:\/\/linitiative.ca\/International\/wp-json\/wp\/v2\/types\/post"}],"author":[{"embeddable":true,"href":"https:\/\/linitiative.ca\/International\/wp-json\/wp\/v2\/users\/1788"}],"replies":[{"embeddable":true,"href":"https:\/\/linitiative.ca\/International\/wp-json\/wp\/v2\/comments?post=111365"}],"version-history":[{"count":0,"href":"https:\/\/linitiative.ca\/International\/wp-json\/wp\/v2\/posts\/111365\/revisions"}],"wp:attachment":[{"href":"https:\/\/linitiative.ca\/International\/wp-json\/wp\/v2\/media?parent=111365"}],"wp:term":[{"taxonomy":"category","embeddable":true,"href":"https:\/\/linitiative.ca\/International\/wp-json\/wp\/v2\/categories?post=111365"},{"taxonomy":"post_tag","embeddable":true,"href":"https:\/\/linitiative.ca\/International\/wp-json\/wp\/v2\/tags?post=111365"}],"curies":[{"name":"wp","href":"https:\/\/api.w.org\/{rel}","templated":true}]}}