{"id":111366,"date":"2021-02-16T07:57:33","date_gmt":"2021-02-16T12:57:33","guid":{"rendered":"https:\/\/linitiative.ca\/International\/fiscalistes-election-de-mohamadi-rachdi-el-yacoubi-president-du-cfm\/"},"modified":"2021-02-16T07:57:33","modified_gmt":"2021-02-16T12:57:33","slug":"fiscalistes-election-de-mohamadi-rachdi-el-yacoubi-president-du-cfm","status":"publish","type":"post","link":"https:\/\/linitiative.ca\/International\/fiscalistes-election-de-mohamadi-rachdi-el-yacoubi-president-du-cfm\/","title":{"rendered":"Fiscalistes: Election de Mohamadi Rachdi El Yacoubi pr\u00e9sident du CFM"},"content":{"rendered":"<div class=\"single-featured\"><img alt=\"\" data-src=\"http:\/\/www.mapmarrakech.ma\/map\/uploads\/2021\/02\/CFM-copier.jpg\"\/><\/div>\n<div class=\"single-post-excerpt post-excerpt-bc\" readability=\"34\">\n<p>Marrakech \u2013 Mohamadi Rachdi El Yacoubi a \u00e9t\u00e9 \u00e9lu pr\u00e9sident du Cercle des Fiscalistes du Maroc (CFM) pour un mandat de trois ann\u00e9es lors de l\u2019Assembl\u00e9e g\u00e9n\u00e9rale Ordinaire et \u00e9lective de cette instance tenue r\u00e9cemment \u00e0 Marrakech.<\/p>\n<\/div>\n<div class=\"entry-content clearfix single-post-content\" readability=\"58\">\n<p>Ce consultant en fiscalit\u00e9, droit des affaires, ing\u00e9nierie de formation a d\u00e9j\u00e0 occup\u00e9 la fonction de pr\u00e9sident de l\u2019Organisation professionnelle des comptables agr\u00e9\u00e9s (OPCA).<\/p>\n<p>Pr\u00e9sident de la Commission investissements et comp\u00e9titivit\u00e9, et de la Commission juridique et modes alternatifs de r\u00e8glement des conflits \u00e0 la CGEM-Marrakech, Mohamadi Rachdi El Yacoubi a aussi travaill\u00e9 en tant que professeur notamment, \u00e0 l\u2019Universit\u00e9 Cadi Ayyad de Marrakech.<\/p>\n<p>Cr\u00e9e en 2014, le CFM est un \u00ab\u00a0think tank\u00a0\u00bb ind\u00e9pendant qui regroupe des professionnels d\u2019horizons vari\u00e9s (professionnels de la comptabilit\u00e9, notaires, avocats, universitaires\u2026) qui s\u2019int\u00e9ressent \u00e0 la mati\u00e8re fiscale.<\/p>\n<p>Ce Club nourrit l\u2019ambition d\u2019\u00eatre un espace d\u2019\u00e9tudes, de r\u00e9flexion et une force de proposition pour la diffusion de ses id\u00e9es et ses convictions dans l\u2019int\u00e9r\u00eat de la collectivit\u00e9.<\/p>\n<p>Le Cercle produit r\u00e9guli\u00e8rement des propositions et des avis concert\u00e9s pour l\u2019am\u00e9lioration du cadre l\u00e9gislatif et r\u00e9glementaire en mati\u00e8re de droit fiscal et contribue \u00e0 la promotion et \u00e0 la mise en place d\u2019une fiscalit\u00e9 juste et \u00e9quitable.<\/p>\n<\/div>\n<p>Auteur: Meriem IGASS<br \/>\n<a href=\"http:\/\/www.mapmarrakech.ma\/fr\/fiscalistes-election-de-mohamadi-rachdi-el-yacoubi-president-du-cfm\/\">Cliquez ici pour lire l&rsquo;article depuis sa source.<\/a><\/p>\n","protected":false},"excerpt":{"rendered":"<p>Marrakech \u2013 Mohamadi Rachdi El Yacoubi a \u00e9t\u00e9 \u00e9lu pr\u00e9sident du Cercle des Fiscalistes du Maroc (CFM) pour un mandat de trois ann\u00e9es lors de l\u2019Assembl\u00e9e g\u00e9n\u00e9rale Ordinaire et \u00e9lective de cette instance tenue r\u00e9cemment \u00e0 Marrakech. Ce consultant en fiscalit\u00e9, droit des affaires, ing\u00e9nierie de formation a d\u00e9j\u00e0 occup\u00e9 la fonction de pr\u00e9sident de [&hellip;]<\/p>\n","protected":false},"author":1788,"featured_media":0,"comment_status":"closed","ping_status":"closed","sticky":false,"template":"","format":"standard","meta":{"fifu_image_url":"http:\/\/www.mapmarrakech.ma\/map\/uploads\/2021\/02\/CFM-copier.jpg","fifu_image_alt":"Fiscalistes: Election de Mohamadi Rachdi El Yacoubi pr\u00e9sident du CFM","footnotes":""},"categories":[54,76],"tags":[],"class_list":["post-111366","post","type-post","status-publish","format-standard","hentry","category-maroc","category-regions"],"_links":{"self":[{"href":"https:\/\/linitiative.ca\/International\/wp-json\/wp\/v2\/posts\/111366","targetHints":{"allow":["GET"]}}],"collection":[{"href":"https:\/\/linitiative.ca\/International\/wp-json\/wp\/v2\/posts"}],"about":[{"href":"https:\/\/linitiative.ca\/International\/wp-json\/wp\/v2\/types\/post"}],"author":[{"embeddable":true,"href":"https:\/\/linitiative.ca\/International\/wp-json\/wp\/v2\/users\/1788"}],"replies":[{"embeddable":true,"href":"https:\/\/linitiative.ca\/International\/wp-json\/wp\/v2\/comments?post=111366"}],"version-history":[{"count":0,"href":"https:\/\/linitiative.ca\/International\/wp-json\/wp\/v2\/posts\/111366\/revisions"}],"wp:attachment":[{"href":"https:\/\/linitiative.ca\/International\/wp-json\/wp\/v2\/media?parent=111366"}],"wp:term":[{"taxonomy":"category","embeddable":true,"href":"https:\/\/linitiative.ca\/International\/wp-json\/wp\/v2\/categories?post=111366"},{"taxonomy":"post_tag","embeddable":true,"href":"https:\/\/linitiative.ca\/International\/wp-json\/wp\/v2\/tags?post=111366"}],"curies":[{"name":"wp","href":"https:\/\/api.w.org\/{rel}","templated":true}]}}