{"id":111370,"date":"2021-02-16T12:12:09","date_gmt":"2021-02-16T17:12:09","guid":{"rendered":"https:\/\/linitiative.ca\/International\/covid19-476-nouveaux-cas-13-morts-19-million-de-vaccines\/"},"modified":"2021-02-16T12:12:09","modified_gmt":"2021-02-16T17:12:09","slug":"covid19-476-nouveaux-cas-13-morts-19-million-de-vaccines","status":"publish","type":"post","link":"https:\/\/linitiative.ca\/International\/covid19-476-nouveaux-cas-13-morts-19-million-de-vaccines\/","title":{"rendered":"Covid19: 476  nouveaux cas, 13 morts, 1,9 million de vaccin\u00e9s"},"content":{"rendered":"<p class=\"rtejustify\">Le Maroc a enregistr\u00e9 <strong><span class=\"c4\">476\u00a0<\/span><\/strong>nouveaux cas de Covid19 durant les derni\u00e8res 24 heures, ce qui porte le total \u00e0\u00a0<strong><span class=\"c4\">479.071<\/span><\/strong> cas confirm\u00e9s, d&rsquo;apr\u00e8s le nouveau bilan du minist\u00e8re de la Sant\u00e9 de ce mardi 16\u00a0f\u00e9vrier 2021. Le nombre de personnes vaccin\u00e9es se chiffre \u00e0 <strong><span class=\"c4\">1.904.169<\/span><\/strong>, indique \u00e9galement le minist\u00e8re.<\/p>\n<p class=\"rtejustify\">Casablanca-Settat a enregistr\u00e9 <strong><span class=\"c4\">254\u00a0<\/span><\/strong>nouveaux cas, alors que la r\u00e9gion de <span class=\"c4\">Rabat-Sal\u00e9-Kenitra<\/span> en compte <strong><span class=\"c4\">65<\/span><\/strong>. Au total, <strong><span class=\"c4\">8.950\u00a0<\/span><\/strong>nouveaux tests ont \u00e9t\u00e9 r\u00e9alis\u00e9s.<\/p>\n<p class=\"rtejustify\">Quant au nombre de d\u00e9c\u00e8s, il s&rsquo;\u00e9tablit \u00e0 <strong><span class=\"c4\">8.504<\/span><\/strong>, soit <strong><span class=\"c4\">13\u00a0<\/span><\/strong>morts de plus en 24 heures (taux de l\u00e9talit\u00e9 1,8%), alors que <strong><span class=\"c4\">1.079\u00a0<\/span><\/strong>nouvelles gu\u00e9risons ont \u00e9t\u00e9 recens\u00e9es, soit au total <strong><span class=\"c4\">460.628<\/span>\u00a0<\/strong>(taux de gu\u00e9rison 96,2%). Le nombre de cas encore actifs atteint <strong><span class=\"c4\">9. 939<\/span><\/strong>, dont <strong><span class=\"c4\">448\u00a0<\/span><\/strong>s\u00e9v\u00e8res. Parmi ces derniers, <strong><span class=\"c4\">44\u00a0<\/span><\/strong>sont sous intubation, alors\u00a0 que <strong><span class=\"c4\">240\u00a0<\/span><\/strong>sont sous ventilation non invasive.<\/p>\n<p class=\"rtejustify\">Par ailleurs, le taux d&rsquo;occupation des lits d\u00e9di\u00e9s au Covid-19 atteint <strong>14,2<\/strong>%.<\/p>\n<blockquote readability=\"4.75\">\n<p class=\"rtejustify\"><strong>Pour plus de d\u00e9tails, voir l&rsquo;\u00e9volution en temps r\u00e9el de l&rsquo;\u00e9pid\u00e9mie sur <a href=\"https:\/\/www.leconomiste.com\/covid19\/\">https:\/\/www.leconomiste.com\/covid19\/<\/a><\/strong><\/p>\n<\/blockquote>\n<p>Auteur: mbasraoui<br \/>\n<a href=\"https:\/\/www.leconomiste.com\/flash-infos\/covid19-476-nouveaux-cas-13-morts-1-9-million-de-vaccines\">Cliquez ici pour lire l&rsquo;article depuis sa source.<\/a><\/p>\n","protected":false},"excerpt":{"rendered":"<p>Le Maroc a enregistr\u00e9 476\u00a0nouveaux cas de Covid19 durant les derni\u00e8res 24 heures, ce qui porte le total \u00e0\u00a0479.071 cas confirm\u00e9s, d&rsquo;apr\u00e8s le nouveau bilan du minist\u00e8re de la Sant\u00e9 de ce mardi 16\u00a0f\u00e9vrier 2021. Le nombre de personnes vaccin\u00e9es se chiffre \u00e0 1.904.169, indique \u00e9galement le minist\u00e8re. Casablanca-Settat a enregistr\u00e9 254\u00a0nouveaux cas, alors que [&hellip;]<\/p>\n","protected":false},"author":1763,"featured_media":0,"comment_status":"closed","ping_status":"closed","sticky":false,"template":"","format":"standard","meta":{"fifu_image_url":"","fifu_image_alt":"","footnotes":""},"categories":[78,54],"tags":[],"class_list":["post-111370","post","type-post","status-publish","format-standard","hentry","category-economie","category-maroc"],"_links":{"self":[{"href":"https:\/\/linitiative.ca\/International\/wp-json\/wp\/v2\/posts\/111370","targetHints":{"allow":["GET"]}}],"collection":[{"href":"https:\/\/linitiative.ca\/International\/wp-json\/wp\/v2\/posts"}],"about":[{"href":"https:\/\/linitiative.ca\/International\/wp-json\/wp\/v2\/types\/post"}],"author":[{"embeddable":true,"href":"https:\/\/linitiative.ca\/International\/wp-json\/wp\/v2\/users\/1763"}],"replies":[{"embeddable":true,"href":"https:\/\/linitiative.ca\/International\/wp-json\/wp\/v2\/comments?post=111370"}],"version-history":[{"count":0,"href":"https:\/\/linitiative.ca\/International\/wp-json\/wp\/v2\/posts\/111370\/revisions"}],"wp:attachment":[{"href":"https:\/\/linitiative.ca\/International\/wp-json\/wp\/v2\/media?parent=111370"}],"wp:term":[{"taxonomy":"category","embeddable":true,"href":"https:\/\/linitiative.ca\/International\/wp-json\/wp\/v2\/categories?post=111370"},{"taxonomy":"post_tag","embeddable":true,"href":"https:\/\/linitiative.ca\/International\/wp-json\/wp\/v2\/tags?post=111370"}],"curies":[{"name":"wp","href":"https:\/\/api.w.org\/{rel}","templated":true}]}}