{"id":111371,"date":"2021-02-16T13:12:31","date_gmt":"2021-02-16T18:12:31","guid":{"rendered":"https:\/\/linitiative.ca\/International\/covid19-7-millions-de-doses-de-vaccins-receptionnes-jusqua-present\/"},"modified":"2021-02-16T13:12:31","modified_gmt":"2021-02-16T18:12:31","slug":"covid19-7-millions-de-doses-de-vaccins-receptionnes-jusqua-present","status":"publish","type":"post","link":"https:\/\/linitiative.ca\/International\/covid19-7-millions-de-doses-de-vaccins-receptionnes-jusqua-present\/","title":{"rendered":"Covid19: 7 millions de doses de vaccins r\u00e9ceptionn\u00e9s jusqu&rsquo;\u00e0 pr\u00e9sent"},"content":{"rendered":"<p class=\"rtejustify\">Le Maroc a re\u00e7u jusqu&rsquo;\u00e0 pr\u00e9sent un total de 7 millions de doses de vaccins anti Covid-19, apr\u00e8s l&rsquo;arriv\u00e9e de 500.000 doses suppl\u00e9mentaires du vaccin chinois Sinopharm, a affirm\u00e9 le chef de la division des maladies transmissibles \u00e0 la direction de l&rsquo;\u00e9pid\u00e9miologie et de lutte contre les maladies, Abdelkrim Meziane Belfkih.<\/p>\n<p class=\"rtejustify\">Un deuxi\u00e8me lot de 500.000 doses du vaccin du laboratoire chinois Sinopharm a \u00e9t\u00e9 r\u00e9ceptionn\u00e9 plus t\u00f4t mardi en provenance de P\u00e9kin. Ces doses seront distribu\u00e9es sur les diff\u00e9rents centres de vaccination du Royaume.<\/p>\n<p class=\"rtejustify\">Pr\u00e9sentant le bilan bimensuel relatif \u00e0 la situation \u00e9pid\u00e9miologique, Meziane Belfkih a relev\u00e9 que le taux de reproduction (R0) de la Covid-19 affich\u00e9 une am\u00e9lioration pour la 13\u00e8me semaine cons\u00e9cutive pour se stabiliser \u00e0 0,85 le dimanche dernier, pr\u00e9cisant que la courbe des d\u00e9c\u00e8s a \u00e9galement enregistr\u00e9 une baisse de 30% au cours de la semaine derni\u00e8re.<\/p>\n<p class=\"rtejustify\">Le taux de contamination hebdomadaire pour 100.000 habitants a atteint 8,6 % la semaine \u00e9coul\u00e9e, contre 13,3% \u00e0 fin janvier dernier. En outre, le responsable a fait \u00e9tat de la baisse significative (-20%) du nombre de cas actifs passant de 13.099 cas il y a deux semaines \u00e0 10.555 lundi. Les cas en r\u00e9animation ont pour leur part diminu\u00e9 de 37% dans les deux derni\u00e8res semaines, passant de 744 \u00e0 422.<\/p>\n<p class=\"rtejustify\">Au 15 f\u00e9vrier, a-t-il not\u00e9, le nombre total des cas enregistr\u00e9s depuis le d\u00e9but de la pand\u00e9mie a atteint 478.595, soit un taux d\u2019incidence cumul\u00e9 de 1316,7 pour 100.000 personnes. Ainsi pour la 4\u00e8me semaine cons\u00e9cutive, le taux national demeure inf\u00e9rieur \u00e0 la moyenne mondiale.<\/p>\n<p class=\"rtejustify\">Le nombre de d\u00e9c\u00e8s enregistr\u00e9 au niveau national s&rsquo;est \u00e9tabli \u00e0 8.491, soit un taux de l\u00e9talit\u00e9 de 1,8%, a-t-il ajout\u00e9, pr\u00e9cisant que le Maroc est class\u00e9 37\u00e8me mondial et 3-\u00e8me en Afrique en ce qui concerne le nombre des d\u00e9c\u00e8s. Meziane Belfkih a soulign\u00e9 que le taux de gu\u00e9rison a atteint 96% avec un total de 459.549 personnes gu\u00e9ries.<\/p>\n<p class=\"rtejustify\">La courbe \u00e9pid\u00e9miologique hebdomadaire relative au coronavirus au Maroc a \u00e9volu\u00e9 en baisse de 25,7%, une tendance qui a \u00e9t\u00e9 observ\u00e9e dans 10 r\u00e9gions. Cette courbe a, en revanche, \u00e9volu\u00e9 en hausse dans les r\u00e9gions de Guelmim-Oued-Noun (+14,8%) et Beni Mellal-Kh\u00e9nifra (+4,5%).<\/p>\n<p class=\"rtejustify\">Sur le plan mondial, le nombre de cas positifs s&rsquo;est \u00e9lev\u00e9 jusqu\u2019\u00e0 lundi \u00e0 109.503.044, soit un taux d&rsquo;incidence cumul\u00e9 de 1.404,8 pour 100.000 habitants. Le nombre de d\u00e9c\u00e8s enregistr\u00e9 s&rsquo;est \u00e9tabli \u00e0 2.413.867, soit un taux de l\u00e9talit\u00e9 de 2,2%, a indiqu\u00e9 le responsable, relevant que le nombre de personnes gu\u00e9ries a atteint 81.614.968, soit un taux de gu\u00e9rison de 74,5%.<\/p>\n<p class=\"rtejustify\">\u00a0<\/p>\n<p>Auteur: mbasraoui<br \/>\n<a href=\"https:\/\/www.leconomiste.com\/flash-infos\/covid19-7-millions-de-doses-de-vaccins-receptionnes-jusqu-present\">Cliquez ici pour lire l&rsquo;article depuis sa source.<\/a><\/p>\n","protected":false},"excerpt":{"rendered":"<p>Le Maroc a re\u00e7u jusqu&rsquo;\u00e0 pr\u00e9sent un total de 7 millions de doses de vaccins anti Covid-19, apr\u00e8s l&rsquo;arriv\u00e9e de 500.000 doses suppl\u00e9mentaires du vaccin chinois Sinopharm, a affirm\u00e9 le chef de la division des maladies transmissibles \u00e0 la direction de l&rsquo;\u00e9pid\u00e9miologie et de lutte contre les maladies, Abdelkrim Meziane Belfkih. Un deuxi\u00e8me lot de [&hellip;]<\/p>\n","protected":false},"author":1763,"featured_media":0,"comment_status":"closed","ping_status":"closed","sticky":false,"template":"","format":"standard","meta":{"fifu_image_url":"","fifu_image_alt":"","footnotes":""},"categories":[78,54],"tags":[],"class_list":["post-111371","post","type-post","status-publish","format-standard","hentry","category-economie","category-maroc"],"_links":{"self":[{"href":"https:\/\/linitiative.ca\/International\/wp-json\/wp\/v2\/posts\/111371","targetHints":{"allow":["GET"]}}],"collection":[{"href":"https:\/\/linitiative.ca\/International\/wp-json\/wp\/v2\/posts"}],"about":[{"href":"https:\/\/linitiative.ca\/International\/wp-json\/wp\/v2\/types\/post"}],"author":[{"embeddable":true,"href":"https:\/\/linitiative.ca\/International\/wp-json\/wp\/v2\/users\/1763"}],"replies":[{"embeddable":true,"href":"https:\/\/linitiative.ca\/International\/wp-json\/wp\/v2\/comments?post=111371"}],"version-history":[{"count":0,"href":"https:\/\/linitiative.ca\/International\/wp-json\/wp\/v2\/posts\/111371\/revisions"}],"wp:attachment":[{"href":"https:\/\/linitiative.ca\/International\/wp-json\/wp\/v2\/media?parent=111371"}],"wp:term":[{"taxonomy":"category","embeddable":true,"href":"https:\/\/linitiative.ca\/International\/wp-json\/wp\/v2\/categories?post=111371"},{"taxonomy":"post_tag","embeddable":true,"href":"https:\/\/linitiative.ca\/International\/wp-json\/wp\/v2\/tags?post=111371"}],"curies":[{"name":"wp","href":"https:\/\/api.w.org\/{rel}","templated":true}]}}