{"id":111372,"date":"2021-02-16T14:07:39","date_gmt":"2021-02-16T19:07:39","guid":{"rendered":"https:\/\/linitiative.ca\/International\/maroc-un-consortium-de-laboratoires-pour-identifier-les-variants-de-sars-cov2\/"},"modified":"2021-02-16T14:07:39","modified_gmt":"2021-02-16T19:07:39","slug":"maroc-un-consortium-de-laboratoires-pour-identifier-les-variants-de-sars-cov2","status":"publish","type":"post","link":"https:\/\/linitiative.ca\/International\/maroc-un-consortium-de-laboratoires-pour-identifier-les-variants-de-sars-cov2\/","title":{"rendered":"Maroc: Un consortium de laboratoires pour identifier les variants de SARS-Cov2"},"content":{"rendered":"<p class=\"rtejustify\">Le minist\u00e8re de la Sant\u00e9 a annonc\u00e9, mardi, avoir mis en place un Consortium de laboratoires pour l&rsquo;identification des variants de SARS-CoV2 circulant au Maroc.<\/p>\n<p class=\"rtejustify\">\u00ab\u00a0Ce consortium de laboratoires disposant d\u2019une plateforme fonctionnelle de s\u00e9quen\u00e7age a \u00e9t\u00e9 mis en place dans le cadre de la strat\u00e9gie de veille g\u00e9nomique du nouveau coronavirus SARS-CoV2\u00a0\u00bb, indique le d\u00e9partement, ajoutant que ce consortium se compose\u00a0du laboratoire de r\u00e9f\u00e9rence de la grippe et des virus respiratoires de l\u2019Institut national d\u2019hygi\u00e8ne (INH), du laboratoire de BioTechnologie m\u00e9dicale de la facult\u00e9 de m\u00e9decine et de pharmacie de Rabat, de la plateforme g\u00e9nomique fonctionnelle du Centre national de recherche scientifique ainsi que de l\u2019Institut pasteur de Casablanca.<\/p>\n<p class=\"rtejustify\">L&rsquo;objectif est \u00ab\u00a0d\u2019identifier les variants de SARS-CoV2 circulant au Maroc et les caract\u00e9riser par s\u00e9quen\u00e7age g\u00e9nomique\u00a0\u00bb, pr\u00e9cise le d\u00e9partement de Khalid Ait Taleb. Et d&rsquo;ajouter: le s\u00e9quen\u00e7age des souches de SARS-CoV2 collect\u00e9es des diff\u00e9rents laboratoires publics et priv\u00e9s, y compris les laboratoires mobiles et les laboratoires \u00e0 bord de navires transportant les passagers de l\u2019Europe vers le Maroc, se fait de fa\u00e7on continue entre les laboratoires de consortium. Tout variant \u00e9tranger est ainsi d\u00e9clar\u00e9 aux directions comp\u00e9tentes.<\/p>\n<p class=\"rtejustify\">\u00a0<\/p>\n<p>Auteur: hgueye<br \/>\n<a href=\"https:\/\/www.leconomiste.com\/flash-infos\/maroc-un-consortium-de-laboratoires-pour-identifier-les-variants-de-sars-cov2\">Cliquez ici pour lire l&rsquo;article depuis sa source.<\/a><\/p>\n","protected":false},"excerpt":{"rendered":"<p>Le minist\u00e8re de la Sant\u00e9 a annonc\u00e9, mardi, avoir mis en place un Consortium de laboratoires pour l&rsquo;identification des variants de SARS-CoV2 circulant au Maroc. \u00ab\u00a0Ce consortium de laboratoires disposant d\u2019une plateforme fonctionnelle de s\u00e9quen\u00e7age a \u00e9t\u00e9 mis en place dans le cadre de la strat\u00e9gie de veille g\u00e9nomique du nouveau coronavirus SARS-CoV2\u00a0\u00bb, indique le [&hellip;]<\/p>\n","protected":false},"author":1763,"featured_media":0,"comment_status":"closed","ping_status":"closed","sticky":false,"template":"","format":"standard","meta":{"fifu_image_url":"","fifu_image_alt":"","footnotes":""},"categories":[78,54],"tags":[],"class_list":["post-111372","post","type-post","status-publish","format-standard","hentry","category-economie","category-maroc"],"_links":{"self":[{"href":"https:\/\/linitiative.ca\/International\/wp-json\/wp\/v2\/posts\/111372","targetHints":{"allow":["GET"]}}],"collection":[{"href":"https:\/\/linitiative.ca\/International\/wp-json\/wp\/v2\/posts"}],"about":[{"href":"https:\/\/linitiative.ca\/International\/wp-json\/wp\/v2\/types\/post"}],"author":[{"embeddable":true,"href":"https:\/\/linitiative.ca\/International\/wp-json\/wp\/v2\/users\/1763"}],"replies":[{"embeddable":true,"href":"https:\/\/linitiative.ca\/International\/wp-json\/wp\/v2\/comments?post=111372"}],"version-history":[{"count":0,"href":"https:\/\/linitiative.ca\/International\/wp-json\/wp\/v2\/posts\/111372\/revisions"}],"wp:attachment":[{"href":"https:\/\/linitiative.ca\/International\/wp-json\/wp\/v2\/media?parent=111372"}],"wp:term":[{"taxonomy":"category","embeddable":true,"href":"https:\/\/linitiative.ca\/International\/wp-json\/wp\/v2\/categories?post=111372"},{"taxonomy":"post_tag","embeddable":true,"href":"https:\/\/linitiative.ca\/International\/wp-json\/wp\/v2\/tags?post=111372"}],"curies":[{"name":"wp","href":"https:\/\/api.w.org\/{rel}","templated":true}]}}