{"id":111374,"date":"2021-02-16T10:30:00","date_gmt":"2021-02-16T15:30:00","guid":{"rendered":"https:\/\/linitiative.ca\/International\/interception-des-missiles-israeliens-au-dessus-de-damas\/"},"modified":"2021-02-16T10:30:00","modified_gmt":"2021-02-16T15:30:00","slug":"interception-des-missiles-israeliens-au-dessus-de-damas","status":"publish","type":"post","link":"https:\/\/linitiative.ca\/International\/interception-des-missiles-israeliens-au-dessus-de-damas\/","title":{"rendered":"Interception des missiles  isra\u00e9liens au-dessus de Damas"},"content":{"rendered":"<p class=\"p1 c3\"><span class=\"c2\"><strong>Le Temps- Agences- L&rsquo;arm\u00e9e syrienne a d\u00e9clar\u00e9 hier que les syst\u00e8mes de d\u00e9fense antia\u00e9rienne ont d\u00e9jou\u00e9 une \u00ab\u00a0agression isra\u00e9lienne\u00a0\u00bb au-dessus de la capitale Damas, la derni\u00e8re attaque en date men\u00e9e par Isra\u00ebl dans le cadre d&rsquo;une intensification de sa campagne de bombardements en Syrie contre les milices li\u00e9es \u00e0 l&rsquo;Iran.<\/strong><\/span><\/p>\n<p class=\"p1 c4\"><span class=\"c2\">L&rsquo;arm\u00e9e isra\u00e9lienne, qui a indiqu\u00e9 avoir d\u00e9but\u00e9 hier des exercices a\u00e9riens surprise le long de sa fronti\u00e8re nord, a fait savoir par une porte-parole qu&rsquo;elle ne \u00ab\u00a0commentait pas\u00a0\u00bb les informations venues de l&rsquo;\u00e9tranger.<\/span><\/p>\n<p class=\"p1 c4\"><span class=\"c2\">Aucun d\u00e9tail n&rsquo;a \u00e9t\u00e9 donn\u00e9 par la presse officielle syrienne sur les cibles vis\u00e9es par l&rsquo;arm\u00e9e isra\u00e9lienne.<\/span><\/p>\n<p class=\"p1 c4\"><span class=\"c2\">Dans un communiqu\u00e9, l&rsquo;arm\u00e9e syrienne a d\u00e9clar\u00e9 que des avions isra\u00e9liens ont survol\u00e9 le plateau du Golan afin de frapper des cibles aux abords de Damas. Elle n&rsquo;a pas fait mention de victimes mais ajout\u00e9 que la plupart des missiles ont \u00e9t\u00e9 abattus par les syst\u00e8mes de d\u00e9fense.<\/span><\/p>\n<p class=\"p1 c4\"><span class=\"c2\">\u00ab\u00a0Nos d\u00e9fenses a\u00e9riennes continuent de repousser des attaques de missiles isra\u00e9liennes au-dessus du ciel de la capitale\u00a0\u00bb, a-t-elle dit.<\/span><\/p>\n<p class=\"p1 c4\"><span class=\"c2\">A la pointe sud de Damas, zone dans laquelle sont ancr\u00e9es des milices soutenues par T\u00e9h\u00e9ran, d&rsquo;importantes explosions ont \u00e9t\u00e9 entendues, ont dit des t\u00e9moins.<\/span><\/p>\n<p class=\"p1 c4\"><span class=\"c2\">De hauts repr\u00e9sentants isra\u00e9liens ont reconnu par le pass\u00e9 que Tsahal menait des attaques en Syrie afin d&rsquo;y contrer la pr\u00e9sence militaire accrue de l&rsquo;Iran.<\/span><\/p>\n<p class=\"p1 c4\"><span class=\"c2\">L&rsquo;arm\u00e9e isra\u00e9lienne a annonc\u00e9 hier qu&rsquo;elle avait lanc\u00e9 des manoeuvres a\u00e9riennes surprise dans le nord du pays, et ce jusqu&rsquo;\u00e0 demain, pr\u00e9venant que des explosions pourraient \u00eatre entendues dans la r\u00e9gion.<\/span><\/p>\n<p class=\"p1 c3\">\u00a0<\/p>\n<p class=\"p1 c4\"><span class=\"c2\">Selon des sources au sein des services occidentaux du renseignement, l&rsquo;influence militaire de T\u00e9h\u00e9ran en Syrie s&rsquo;est renforc\u00e9e ces derni\u00e8res ann\u00e9es, poussant Isra\u00ebl \u00e0 intensifier ses efforts pour emp\u00eacher son grand rival d&rsquo;\u00e9tablir une pr\u00e9sence militaire majeure pr\u00e8s de la fronti\u00e8re syro-isra\u00e9lienne.<\/span><\/p>\n<p>Auteur: letemps1<br \/>\n<a href=\"http:\/\/www.letemps.com.tn\/article\/119292\/interception-des-missiles-isra%C3%A9liens-au-dessus-de-damas\">Cliquez ici pour lire l&rsquo;article depuis sa source.<\/a><\/p>\n","protected":false},"excerpt":{"rendered":"<p>Le Temps- Agences- L&rsquo;arm\u00e9e syrienne a d\u00e9clar\u00e9 hier que les syst\u00e8mes de d\u00e9fense antia\u00e9rienne ont d\u00e9jou\u00e9 une \u00ab\u00a0agression isra\u00e9lienne\u00a0\u00bb au-dessus de la capitale Damas, la derni\u00e8re attaque en date men\u00e9e par Isra\u00ebl dans le cadre d&rsquo;une intensification de sa campagne de bombardements en Syrie contre les milices li\u00e9es \u00e0 l&rsquo;Iran. L&rsquo;arm\u00e9e isra\u00e9lienne, qui a indiqu\u00e9 [&hellip;]<\/p>\n","protected":false},"author":1773,"featured_media":0,"comment_status":"closed","ping_status":"closed","sticky":false,"template":"","format":"standard","meta":{"fifu_image_url":"","fifu_image_alt":"","footnotes":""},"categories":[73,55],"tags":[],"class_list":["post-111374","post","type-post","status-publish","format-standard","hentry","category-actualite","category-tunisie"],"_links":{"self":[{"href":"https:\/\/linitiative.ca\/International\/wp-json\/wp\/v2\/posts\/111374","targetHints":{"allow":["GET"]}}],"collection":[{"href":"https:\/\/linitiative.ca\/International\/wp-json\/wp\/v2\/posts"}],"about":[{"href":"https:\/\/linitiative.ca\/International\/wp-json\/wp\/v2\/types\/post"}],"author":[{"embeddable":true,"href":"https:\/\/linitiative.ca\/International\/wp-json\/wp\/v2\/users\/1773"}],"replies":[{"embeddable":true,"href":"https:\/\/linitiative.ca\/International\/wp-json\/wp\/v2\/comments?post=111374"}],"version-history":[{"count":0,"href":"https:\/\/linitiative.ca\/International\/wp-json\/wp\/v2\/posts\/111374\/revisions"}],"wp:attachment":[{"href":"https:\/\/linitiative.ca\/International\/wp-json\/wp\/v2\/media?parent=111374"}],"wp:term":[{"taxonomy":"category","embeddable":true,"href":"https:\/\/linitiative.ca\/International\/wp-json\/wp\/v2\/categories?post=111374"},{"taxonomy":"post_tag","embeddable":true,"href":"https:\/\/linitiative.ca\/International\/wp-json\/wp\/v2\/tags?post=111374"}],"curies":[{"name":"wp","href":"https:\/\/api.w.org\/{rel}","templated":true}]}}