{"id":111375,"date":"2021-02-16T10:35:00","date_gmt":"2021-02-16T15:35:00","guid":{"rendered":"https:\/\/linitiative.ca\/International\/la-tunisie-prete-a-tout-mettre-en-oeuvre-pour-une-solution-en-libye\/"},"modified":"2021-02-16T10:35:00","modified_gmt":"2021-02-16T15:35:00","slug":"la-tunisie-prete-a-tout-mettre-en-oeuvre-pour-une-solution-en-libye","status":"publish","type":"post","link":"https:\/\/linitiative.ca\/International\/la-tunisie-prete-a-tout-mettre-en-oeuvre-pour-une-solution-en-libye\/","title":{"rendered":"La Tunisie pr\u00eate \u00e0 tout mettre en \u0153uvre pour une solution en Libye"},"content":{"rendered":"<p class=\"p1 c3\"><strong><span class=\"s1 c2\">Le Temps \u2013 TAP<\/span><\/strong><\/p>\n<p class=\"p1 c3\"><span class=\"c4\">L&rsquo;envoy\u00e9 sp\u00e9cial du Secr\u00e9taire g\u00e9n\u00e9ral des Nations unies pour la Libye et Chef de la mission d&rsquo;appui des Nations unies en Libye (MANUL), Jan Kubis, s&rsquo;est dit hier \u00ab\u00a0dispos\u00e9 \u00e0 poursuivre les concertations et la coordination avec la Tunisie pour parvenir \u00e0 une solution politique d\u00e9finitive \u00e0 la crise libyenne, \u00e0 m\u00eame de pr\u00e9server l&rsquo;unit\u00e9 et la stabilit\u00e9 du pays\u00a0\u00bb.<\/span><\/p>\n<p class=\"p1 c3\"><span class=\"c4\">Lors de son entretien \u00e0 Carthage avec le pr\u00e9sident de la R\u00e9publique Ka\u00efs Sa\u00efed, le responsable onusien s&rsquo;est f\u00e9licit\u00e9 du r\u00f4le important jou\u00e9 par la Tunisie dans la r\u00e9alisation des r\u00e9cents accords politiques en Libye, en abritant notamment le premier Forum du dialogue politique libyen en novembre 2020, indique un communiqu\u00e9 de la pr\u00e9sidence de la R\u00e9publique.<\/span><\/p>\n<p class=\"p1 c3\"><span class=\"c4\">Le pr\u00e9sident de la R\u00e9publique a affirm\u00e9 de son c\u00f4t\u00e9 que la Tunisie est dispos\u00e9e \u00e0 tout mettre en \u0153uvre pour contribuer \u00e0 la r\u00e9ussite de cette phase, eu \u00e9gard aux liens de fraternit\u00e9 privil\u00e9gi\u00e9s qui unissent les peuples Tunisien et Libyen.<\/span><\/p>\n<p class=\"p1 c3\"><span class=\"c4\">\u00ab\u00a0Le succ\u00e8s de la mission des Nations Unies en Libye constitue un succ\u00e8s pour la Libye, la Tunisie et toute la r\u00e9gion\u00a0\u00bb, a-t-il soulign\u00e9, ajoutant que \u00a0\u00bb La Libye s&rsquo;appr\u00eate \u00e0 entrer dans une nouvelle \u00e9tape de son histoire\u00a0\u00bb et \u00ab\u00a0entame un processus de transition d&rsquo;une l\u00e9gitimit\u00e9 internationale provisoire vers une l\u00e9gitimit\u00e9 interne permanente\u00a0\u00bb.<\/span><\/p>\n<p class=\"p1 c3\"><span class=\"c4\">Jan Kubis s&rsquo;est pour sa part dit honor\u00e9 de l&rsquo;entretien avec le pr\u00e9sident de la R\u00e9publique, qui constitue sa premi\u00e8re rencontre de haut niveau depuis sa prise fonctions.<\/span><\/p>\n<p class=\"p1 c3\"><span class=\"c4\">Au terme de l&rsquo;entretien, il a adress\u00e9 ses remerciements \u00e0 la Tunisie, membre non permanent du Conseil de s\u00e9curit\u00e9 des Nations unies, pour son soutien \u00e0 l&rsquo;action onusienne en Libye, exprimant le souhait de voir cette coop\u00e9ration se renforcer davantage.<\/span><\/p>\n<p>Auteur: letemps1<br \/>\n<a href=\"http:\/\/www.letemps.com.tn\/article\/119293\/la-tunisie-pr%C3%AAte-%C3%A0-tout-mettre-en-%C5%93uvre-pour-une-solution-en-libye\">Cliquez ici pour lire l&rsquo;article depuis sa source.<\/a><\/p>\n","protected":false},"excerpt":{"rendered":"<p>Le Temps \u2013 TAP L&rsquo;envoy\u00e9 sp\u00e9cial du Secr\u00e9taire g\u00e9n\u00e9ral des Nations unies pour la Libye et Chef de la mission d&rsquo;appui des Nations unies en Libye (MANUL), Jan Kubis, s&rsquo;est dit hier \u00ab\u00a0dispos\u00e9 \u00e0 poursuivre les concertations et la coordination avec la Tunisie pour parvenir \u00e0 une solution politique d\u00e9finitive \u00e0 la crise libyenne, \u00e0 [&hellip;]<\/p>\n","protected":false},"author":1773,"featured_media":0,"comment_status":"closed","ping_status":"closed","sticky":false,"template":"","format":"standard","meta":{"fifu_image_url":"","fifu_image_alt":"","footnotes":""},"categories":[73,55],"tags":[],"class_list":["post-111375","post","type-post","status-publish","format-standard","hentry","category-actualite","category-tunisie"],"_links":{"self":[{"href":"https:\/\/linitiative.ca\/International\/wp-json\/wp\/v2\/posts\/111375","targetHints":{"allow":["GET"]}}],"collection":[{"href":"https:\/\/linitiative.ca\/International\/wp-json\/wp\/v2\/posts"}],"about":[{"href":"https:\/\/linitiative.ca\/International\/wp-json\/wp\/v2\/types\/post"}],"author":[{"embeddable":true,"href":"https:\/\/linitiative.ca\/International\/wp-json\/wp\/v2\/users\/1773"}],"replies":[{"embeddable":true,"href":"https:\/\/linitiative.ca\/International\/wp-json\/wp\/v2\/comments?post=111375"}],"version-history":[{"count":0,"href":"https:\/\/linitiative.ca\/International\/wp-json\/wp\/v2\/posts\/111375\/revisions"}],"wp:attachment":[{"href":"https:\/\/linitiative.ca\/International\/wp-json\/wp\/v2\/media?parent=111375"}],"wp:term":[{"taxonomy":"category","embeddable":true,"href":"https:\/\/linitiative.ca\/International\/wp-json\/wp\/v2\/categories?post=111375"},{"taxonomy":"post_tag","embeddable":true,"href":"https:\/\/linitiative.ca\/International\/wp-json\/wp\/v2\/tags?post=111375"}],"curies":[{"name":"wp","href":"https:\/\/api.w.org\/{rel}","templated":true}]}}