{"id":111376,"date":"2021-02-16T10:35:00","date_gmt":"2021-02-16T15:35:00","guid":{"rendered":"https:\/\/linitiative.ca\/International\/quel-est-le-bilan-de-loperation-barkhane\/"},"modified":"2021-02-16T10:35:00","modified_gmt":"2021-02-16T15:35:00","slug":"quel-est-le-bilan-de-loperation-barkhane","status":"publish","type":"post","link":"https:\/\/linitiative.ca\/International\/quel-est-le-bilan-de-loperation-barkhane\/","title":{"rendered":"Quel est le bilan de l&rsquo;op\u00e9ration Barkhane ?"},"content":{"rendered":"<p class=\"p1 c3\"><span class=\"c2\"><strong>Le Temps-Agences- Alors que la France et cinq pays du Sahel se r\u00e9unissent \u00e0 partir de lundi pour discuter de l&rsquo;avenir des op\u00e9rations antiterroristes dans la r\u00e9gion, Paris souhaiterait pouvoir progressivement r\u00e9duire le nombre de soldats fran\u00e7ais mobilis\u00e9s sur place.<\/strong><\/span><\/p>\n<p class=\"p1 c4\"><span class=\"c2\">Huit ans apr\u00e8s le d\u00e9but de l&rsquo;op\u00e9ration Barkhane, o\u00f9 en est l&rsquo;engagement fran\u00e7ais dans la r\u00e9gion ? La France et cinq pays du Sahel se r\u00e9unissent \u00e0 partir de lundi pour un sommet de deux jours. Un rendez-vous fix\u00e9 \u00e0 N&rsquo;Djam\u00e9na au Tchad, et qu&rsquo;Emmanuel Macron suivra \u00e0 distance tout comme le pr\u00e9sident du Conseil europ\u00e9en, Charles Michel. Paris ne cache pas sa volont\u00e9 de r\u00e9duire la voilure : le pays doit \u00ab\u00a0ajuster son effort\u00a0\u00bb, assurait en janvier dernier le chef de l&rsquo;Etat alors que 5.100 soldats fran\u00e7ais sont actuellement d\u00e9ploy\u00e9s sur place.<\/span><\/p>\n<p class=\"p1 c4\"><span class=\"c2\">Si on se concentre sur l&rsquo;ann\u00e9e \u00e9coul\u00e9e, le bilan de l&rsquo;op\u00e9ration Barkhane est plut\u00f4t positif, surtout si on compare la situation \u00e0 celle de l&rsquo;ann\u00e9e 2019, qui avait abouti \u00e0 la convocation d&rsquo;un sommet du G5 Sahel en catastrophe \u00e0 Pau, alors que les arm\u00e9es du Mali, du Niger et du Burkina Faso venaient de subir une s\u00e9rie de d\u00e9faites traumatisantes face \u00e0 une offensive tous azimuts lanc\u00e9e par les groupes djihadistes.<span class=\"Apple-converted-space\">\u00a0<\/span><\/span><\/p>\n<p class=\"p1 c4\"><span class=\"c2\">Le pr\u00e9sident Macron avait alors d\u00e9cid\u00e9 de muscler significativement les effectifs de l&rsquo;op\u00e9ration Barkhane avec un renfort de 600 hommes d\u00e9ploy\u00e9s justement dans cette zone frontali\u00e8re entre les trois pays vis\u00e9s par l&rsquo;offensive des islamistes. Aujourd&rsquo;hui, les r\u00e9sultats obtenus sont vraiment spectaculaires, avec environ 1.500 djihadistes tu\u00e9s. Douze soldats fran\u00e7ais sont tomb\u00e9s au combat sur la m\u00eame p\u00e9riode.<\/span><\/p>\n<p class=\"p1 c4\"><span class=\"c2\">Les coups port\u00e9s aux combattants de l&rsquo;Etat islamique les ont oblig\u00e9s \u00e0 s&rsquo;\u00e9parpiller en petits groupes. Ils ne sont plus capables de monter des assauts d&rsquo;envergure, et la direction d&rsquo;Al-Qa\u00efda a \u00e9t\u00e9 en grande partie d\u00e9cim\u00e9e avec la neutralisation de son chef et de son commandant militaire. De quoi remonter singuli\u00e8rement le moral des forces arm\u00e9es locales, lesquelles reviennent doucement dans les casernes qu&rsquo;elles avaient abandonn\u00e9es.<span class=\"Apple-converted-space\">\u00a0<\/span><\/span><\/p>\n<p class=\"p2 c5\"><span class=\"c2\"><strong>Des progr\u00e8s \u00e0 consolider<\/strong><\/span><\/p>\n<p class=\"p1 c4\"><span class=\"c2\">Le pr\u00e9sident de la R\u00e9publique peut donc envisager d\u00e9sormais une r\u00e9duction du nombre de soldats fran\u00e7ais d\u00e9ploy\u00e9s dans Barkhane. Mais ce processus prendra plusieurs mois. D&rsquo;autant que les progr\u00e8s accomplis restent fragiles. Le colonel Rapha\u00ebl Bernard, qui a quitt\u00e9 l&rsquo;arm\u00e9e en juillet 2020, a particip\u00e9 \u00e0 plusieurs op\u00e9rations au Mali entre 2014 et 2020. Si pour cet ancien militaire, l&rsquo;op\u00e9ration Barkhane est une r\u00e9ussite, le d\u00e9part de la France dans la r\u00e9gion doit \u00eatre anticip\u00e9. \u00ab\u00a0Le but de Barkhane, c&rsquo;est v\u00e9ritablement de mettre l&rsquo;ennemi djihadiste \u00e0 la port\u00e9e des forces arm\u00e9es locales. \u00c7a ne doit pas durer ind\u00e9finiment car si nous restons trop longtemps, cela serait contreproductif\u00a0\u00bb, veut-il rappeler au micro d&rsquo;Europe 1.<\/span><\/p>\n<p class=\"p1 c3\">\u00a0<\/p>\n<p class=\"p1 c4\"><span class=\"c2\">\u00ab\u00a0Huit ans, c&rsquo;est d\u00e9j\u00e0 long. Je pense que c&rsquo;est le bon timing pour penser au d\u00e9sengagement de Barkhane sur un horizon de 2 \u00e0 3 ans\u00a0\u00bb, pointe-t-il. Car il n&rsquo;est pas question de laisser penser aux djihadistes que la France abandonne le terrain. \u00ab\u00a0Il faut que l&rsquo;op\u00e9ration Barkhane reste pr\u00e9sente avec des moyens de type aviation\/h\u00e9licopt\u00e8res, mais que la masse de combat soit peu \u00e0 peu r\u00e9duite\u00a0\u00bb, d\u00e9taille Rapha\u00ebl Bernard. \u00ab\u00a0Il faut continuer \u00e0 impliquer nos camarades europ\u00e9ens, afin que nous partagions cette charge de la s\u00e9curit\u00e9 du Sahel qui est, ne nous le cachons pas, la fronti\u00e8re sud de l&rsquo;Europe\u00a0\u00bb, conclut-il.<\/span><\/p>\n<p>Auteur: letemps1<br \/>\n<a href=\"http:\/\/www.letemps.com.tn\/article\/119294\/quel-est-le-bilan-de-lop%C3%A9ration-barkhane\">Cliquez ici pour lire l&rsquo;article depuis sa source.<\/a><\/p>\n","protected":false},"excerpt":{"rendered":"<p>Le Temps-Agences- Alors que la France et cinq pays du Sahel se r\u00e9unissent \u00e0 partir de lundi pour discuter de l&rsquo;avenir des op\u00e9rations antiterroristes dans la r\u00e9gion, Paris souhaiterait pouvoir progressivement r\u00e9duire le nombre de soldats fran\u00e7ais mobilis\u00e9s sur place. Huit ans apr\u00e8s le d\u00e9but de l&rsquo;op\u00e9ration Barkhane, o\u00f9 en est l&rsquo;engagement fran\u00e7ais dans la [&hellip;]<\/p>\n","protected":false},"author":1773,"featured_media":0,"comment_status":"closed","ping_status":"closed","sticky":false,"template":"","format":"standard","meta":{"fifu_image_url":"","fifu_image_alt":"","footnotes":""},"categories":[73,55],"tags":[],"class_list":["post-111376","post","type-post","status-publish","format-standard","hentry","category-actualite","category-tunisie"],"_links":{"self":[{"href":"https:\/\/linitiative.ca\/International\/wp-json\/wp\/v2\/posts\/111376","targetHints":{"allow":["GET"]}}],"collection":[{"href":"https:\/\/linitiative.ca\/International\/wp-json\/wp\/v2\/posts"}],"about":[{"href":"https:\/\/linitiative.ca\/International\/wp-json\/wp\/v2\/types\/post"}],"author":[{"embeddable":true,"href":"https:\/\/linitiative.ca\/International\/wp-json\/wp\/v2\/users\/1773"}],"replies":[{"embeddable":true,"href":"https:\/\/linitiative.ca\/International\/wp-json\/wp\/v2\/comments?post=111376"}],"version-history":[{"count":0,"href":"https:\/\/linitiative.ca\/International\/wp-json\/wp\/v2\/posts\/111376\/revisions"}],"wp:attachment":[{"href":"https:\/\/linitiative.ca\/International\/wp-json\/wp\/v2\/media?parent=111376"}],"wp:term":[{"taxonomy":"category","embeddable":true,"href":"https:\/\/linitiative.ca\/International\/wp-json\/wp\/v2\/categories?post=111376"},{"taxonomy":"post_tag","embeddable":true,"href":"https:\/\/linitiative.ca\/International\/wp-json\/wp\/v2\/tags?post=111376"}],"curies":[{"name":"wp","href":"https:\/\/api.w.org\/{rel}","templated":true}]}}