{"id":111378,"date":"2021-02-16T15:14:15","date_gmt":"2021-02-16T20:14:15","guid":{"rendered":"https:\/\/linitiative.ca\/International\/international-chelsea-le-tacle-de-neville-a-tuchel\/"},"modified":"2021-02-16T15:14:15","modified_gmt":"2021-02-16T20:14:15","slug":"international-chelsea-le-tacle-de-neville-a-tuchel","status":"publish","type":"post","link":"https:\/\/linitiative.ca\/International\/international-chelsea-le-tacle-de-neville-a-tuchel\/","title":{"rendered":"International : Chelsea : Le tacle de Neville \u00e0 Tuchel"},"content":{"rendered":"<div readability=\"32\">\n<p>Auteur : <span class=\"time\">mardi 16 f\u00e9vrier 2021 14:30<\/span><\/p>\n<\/div>\n<div id=\"post_core\" readability=\"44\">\n<p>Le consultant anglais, pas vraiment r\u00e9put\u00e9 pour sa mesure, s\u2019en est pris au technicien allemand. Il ne comprend pas pourquoi il aligne Kepa, plut\u00f4t qu\u2019Edouard Mendy : \u00ab\u00a0Je dois dire qu\u2019il ne ressemble pas \u00e0 ce que je pense d\u2019un gardien de but qui devrait \u00eatre dominant dans tous les domaines. Il n\u2019avait pas l\u2019air d\u2019un grand gardien de but et, honn\u00eatement, je pensais qu\u2019il serait remplac\u00e9 et parti pour toujours.\u00a0\u00bb Il consid\u00e8re aussi que Tuchel adopte une attitude hautaine, en faisant ce choix : \u00ab\u00a0C\u2019est probablement l\u2019arrogance d\u2019un manager de haut niveau qui pense qu\u2019il peut am\u00e9liorer tout le monde en travaillant avec lui alors que le dernier manager ne pouvait pas tirer le meilleur de lui\u00a0\u00bb, a-t-il poursuivi rapporte Topmercato.<\/p>\n<p><strong>Publi\u00e9 dans :<\/strong> <span>Tuchel<\/span> <span>Chelsea : Neville<\/span><\/p>\n<\/div>\n<p>Auteur:<br \/>\n<a href=\"http:\/\/www.lebuteur.com\/article\/detail?titre=chelsea-le-tacle-de-neville-a-tuchel&#038;id=99093&#038;utm_source=feedburner&#038;utm_medium=feed&#038;utm_campaign=Feed%3A+GalerieFArtciles+%28Les+derniers+articles++-+lebuteur.com%29\">Cliquez ici pour lire l&rsquo;article depuis sa source.<\/a><\/p>\n","protected":false},"excerpt":{"rendered":"<p>Auteur : mardi 16 f\u00e9vrier 2021 14:30 Le consultant anglais, pas vraiment r\u00e9put\u00e9 pour sa mesure, s\u2019en est pris au technicien allemand. Il ne comprend pas pourquoi il aligne Kepa, plut\u00f4t qu\u2019Edouard Mendy : \u00ab\u00a0Je dois dire qu\u2019il ne ressemble pas \u00e0 ce que je pense d\u2019un gardien de but qui devrait \u00eatre dominant dans [&hellip;]<\/p>\n","protected":false},"author":1738,"featured_media":0,"comment_status":"closed","ping_status":"closed","sticky":false,"template":"","format":"standard","meta":{"fifu_image_url":"\/\/cdn.lebuteur.com\/data\/images\/article\/thumbs\/large-chelsea-le-tacle-de-neville-a-tuchel-9034c.jpg","fifu_image_alt":"International : Chelsea : Le tacle de Neville \u00e0 Tuchel","footnotes":""},"categories":[53,75],"tags":[],"class_list":["post-111378","post","type-post","status-publish","format-standard","hentry","category-algerie","category-sport"],"_links":{"self":[{"href":"https:\/\/linitiative.ca\/International\/wp-json\/wp\/v2\/posts\/111378","targetHints":{"allow":["GET"]}}],"collection":[{"href":"https:\/\/linitiative.ca\/International\/wp-json\/wp\/v2\/posts"}],"about":[{"href":"https:\/\/linitiative.ca\/International\/wp-json\/wp\/v2\/types\/post"}],"author":[{"embeddable":true,"href":"https:\/\/linitiative.ca\/International\/wp-json\/wp\/v2\/users\/1738"}],"replies":[{"embeddable":true,"href":"https:\/\/linitiative.ca\/International\/wp-json\/wp\/v2\/comments?post=111378"}],"version-history":[{"count":0,"href":"https:\/\/linitiative.ca\/International\/wp-json\/wp\/v2\/posts\/111378\/revisions"}],"wp:attachment":[{"href":"https:\/\/linitiative.ca\/International\/wp-json\/wp\/v2\/media?parent=111378"}],"wp:term":[{"taxonomy":"category","embeddable":true,"href":"https:\/\/linitiative.ca\/International\/wp-json\/wp\/v2\/categories?post=111378"},{"taxonomy":"post_tag","embeddable":true,"href":"https:\/\/linitiative.ca\/International\/wp-json\/wp\/v2\/tags?post=111378"}],"curies":[{"name":"wp","href":"https:\/\/api.w.org\/{rel}","templated":true}]}}