{"id":111379,"date":"2021-02-16T15:14:17","date_gmt":"2021-02-16T20:14:17","guid":{"rendered":"https:\/\/linitiative.ca\/International\/international-schalke-hoppe-piste-par-de-nombreux-cadors\/"},"modified":"2021-02-16T15:14:17","modified_gmt":"2021-02-16T20:14:17","slug":"international-schalke-hoppe-piste-par-de-nombreux-cadors","status":"publish","type":"post","link":"https:\/\/linitiative.ca\/International\/international-schalke-hoppe-piste-par-de-nombreux-cadors\/","title":{"rendered":"International : Schalke : Hoppe pist\u00e9 par de nombreux cadors"},"content":{"rendered":"<div readability=\"32\">\n<p>Auteur : <span class=\"time\">mardi 16 f\u00e9vrier 2021 15:00<\/span><\/p>\n<\/div>\n<div id=\"post_core\" readability=\"46\">\n<p>Selon Topmercato et 90 Minutes, les quatre formations de Premier League ont \u00e9t\u00e9 impressionn\u00e9es par les performances de l\u2019attaquant am\u00e9ricain. Auteur de 5 buts en 11 apparitions en Bundesliga, le joueur a marqu\u00e9 les esprits, depuis le d\u00e9but de l\u2019ann\u00e9e 2021. Il a notamment inscrit un tripl\u00e9 face \u00e0 Hoffenheim, lors de ce qui constitue le dernier succ\u00e8s de son \u00e9quipe. Sous contrat jusqu\u2019en juin 2023, Hoppe a \u00e9t\u00e9 form\u00e9 \u00e0 Schalke, mais n\u2019avait pas eu sa chance, la saison pass\u00e9e. Il repr\u00e9sente d\u00e9sormais l\u2019une des lueurs d\u2019espoir de la lanterne rouge du classement de Bundesliga. Elle n\u2019a effectivement pris que 9 points en 21 journ\u00e9es, cette saison, et semble quasi-condamn\u00e9 \u00e0 la rel\u00e9gation. Il y a fort \u00e0 parier que l\u2019attaquant ne restera pas longtemps chez les K\u00f6nigsblauen. La concurrence pour sa signature promet d\u2019\u00eatre f\u00e9roce.<\/p>\n<p><strong>Publi\u00e9 dans :<\/strong> <span>Schalke : Hoppe<\/span><\/p>\n<\/div>\n<p>Auteur:<br \/>\n<a href=\"http:\/\/www.lebuteur.com\/article\/detail?titre=schalke-hoppe-piste-par-de-nombreux-cadors&#038;id=99094&#038;utm_source=feedburner&#038;utm_medium=feed&#038;utm_campaign=Feed%3A+GalerieFArtciles+%28Les+derniers+articles++-+lebuteur.com%29\">Cliquez ici pour lire l&rsquo;article depuis sa source.<\/a><\/p>\n","protected":false},"excerpt":{"rendered":"<p>Auteur : mardi 16 f\u00e9vrier 2021 15:00 Selon Topmercato et 90 Minutes, les quatre formations de Premier League ont \u00e9t\u00e9 impressionn\u00e9es par les performances de l\u2019attaquant am\u00e9ricain. Auteur de 5 buts en 11 apparitions en Bundesliga, le joueur a marqu\u00e9 les esprits, depuis le d\u00e9but de l\u2019ann\u00e9e 2021. Il a notamment inscrit un tripl\u00e9 face [&hellip;]<\/p>\n","protected":false},"author":1738,"featured_media":0,"comment_status":"closed","ping_status":"closed","sticky":false,"template":"","format":"standard","meta":{"fifu_image_url":"\/\/cdn.lebuteur.com\/data\/images\/article\/thumbs\/large-schalke-hoppe-piste-par-de-nombreux-cadors-d48d7.jpg","fifu_image_alt":"International : Schalke : Hoppe pist\u00e9 par de nombreux cadors","footnotes":""},"categories":[53,75],"tags":[],"class_list":["post-111379","post","type-post","status-publish","format-standard","hentry","category-algerie","category-sport"],"_links":{"self":[{"href":"https:\/\/linitiative.ca\/International\/wp-json\/wp\/v2\/posts\/111379","targetHints":{"allow":["GET"]}}],"collection":[{"href":"https:\/\/linitiative.ca\/International\/wp-json\/wp\/v2\/posts"}],"about":[{"href":"https:\/\/linitiative.ca\/International\/wp-json\/wp\/v2\/types\/post"}],"author":[{"embeddable":true,"href":"https:\/\/linitiative.ca\/International\/wp-json\/wp\/v2\/users\/1738"}],"replies":[{"embeddable":true,"href":"https:\/\/linitiative.ca\/International\/wp-json\/wp\/v2\/comments?post=111379"}],"version-history":[{"count":0,"href":"https:\/\/linitiative.ca\/International\/wp-json\/wp\/v2\/posts\/111379\/revisions"}],"wp:attachment":[{"href":"https:\/\/linitiative.ca\/International\/wp-json\/wp\/v2\/media?parent=111379"}],"wp:term":[{"taxonomy":"category","embeddable":true,"href":"https:\/\/linitiative.ca\/International\/wp-json\/wp\/v2\/categories?post=111379"},{"taxonomy":"post_tag","embeddable":true,"href":"https:\/\/linitiative.ca\/International\/wp-json\/wp\/v2\/tags?post=111379"}],"curies":[{"name":"wp","href":"https:\/\/api.w.org\/{rel}","templated":true}]}}