{"id":111380,"date":"2021-02-16T15:14:19","date_gmt":"2021-02-16T20:14:19","guid":{"rendered":"https:\/\/linitiative.ca\/International\/equipe-dalgerie-la-visite-dinfantino-a-alger-reportee\/"},"modified":"2021-02-16T15:14:19","modified_gmt":"2021-02-16T20:14:19","slug":"equipe-dalgerie-la-visite-dinfantino-a-alger-reportee","status":"publish","type":"post","link":"https:\/\/linitiative.ca\/International\/equipe-dalgerie-la-visite-dinfantino-a-alger-reportee\/","title":{"rendered":"Equipe d&rsquo;Alg\u00e9rie : La visite d\u2019Infantino \u00e0 Alger report\u00e9e"},"content":{"rendered":"<div readability=\"32\">\n<p>Auteur : <span class=\"time\">mardi 16 f\u00e9vrier 2021 16:44<\/span><\/p>\n<\/div>\n<div id=\"post_core\" readability=\"40\">\n<p>Pr\u00e9vue le 21 et le 22 de ce mois, la visite du pr\u00e9sident de la FIFA, Gianni Infantino \u00e0 Alger a \u00e9t\u00e9 report\u00e9e. C\u2019est ce qu\u2019a indiqu\u00e9 la FAF ce mardi: \u00abPour des raisons de contingences particuli\u00e8res, la visite du Pr\u00e9sident de la F\u00e9d\u00e9ration internationale de football association (FIFA), M. Gianni INFANTINO, est report\u00e9e \u00e0 une date prochaine.\u00bb lit-on sur le site de la FAF.\u00a0<\/p>\n<p><strong>Publi\u00e9 dans :<\/strong> <span>Infantino<\/span><\/p>\n<\/div>\n<p>Auteur:<br \/>\n<a href=\"http:\/\/www.lebuteur.com\/article\/detail?titre=la-visite-dinfantino-a-alger-reportee&#038;id=99095&#038;utm_source=feedburner&#038;utm_medium=feed&#038;utm_campaign=Feed%3A+GalerieFArtciles+%28Les+derniers+articles++-+lebuteur.com%29\">Cliquez ici pour lire l&rsquo;article depuis sa source.<\/a><\/p>\n","protected":false},"excerpt":{"rendered":"<p>Auteur : mardi 16 f\u00e9vrier 2021 16:44 Pr\u00e9vue le 21 et le 22 de ce mois, la visite du pr\u00e9sident de la FIFA, Gianni Infantino \u00e0 Alger a \u00e9t\u00e9 report\u00e9e. C\u2019est ce qu\u2019a indiqu\u00e9 la FAF ce mardi: \u00abPour des raisons de contingences particuli\u00e8res, la visite du Pr\u00e9sident de la F\u00e9d\u00e9ration internationale de football association [&hellip;]<\/p>\n","protected":false},"author":1738,"featured_media":0,"comment_status":"closed","ping_status":"closed","sticky":false,"template":"","format":"standard","meta":{"fifu_image_url":"\/\/cdn.lebuteur.com\/data\/images\/article\/thumbs\/large-la-visite-dinfantino-a-alger-reportee-7e1c1.jpg","fifu_image_alt":"Equipe d'Alg\u00e9rie : La visite d\u2019Infantino \u00e0 Alger report\u00e9e","footnotes":""},"categories":[53,75],"tags":[],"class_list":["post-111380","post","type-post","status-publish","format-standard","hentry","category-algerie","category-sport"],"_links":{"self":[{"href":"https:\/\/linitiative.ca\/International\/wp-json\/wp\/v2\/posts\/111380","targetHints":{"allow":["GET"]}}],"collection":[{"href":"https:\/\/linitiative.ca\/International\/wp-json\/wp\/v2\/posts"}],"about":[{"href":"https:\/\/linitiative.ca\/International\/wp-json\/wp\/v2\/types\/post"}],"author":[{"embeddable":true,"href":"https:\/\/linitiative.ca\/International\/wp-json\/wp\/v2\/users\/1738"}],"replies":[{"embeddable":true,"href":"https:\/\/linitiative.ca\/International\/wp-json\/wp\/v2\/comments?post=111380"}],"version-history":[{"count":0,"href":"https:\/\/linitiative.ca\/International\/wp-json\/wp\/v2\/posts\/111380\/revisions"}],"wp:attachment":[{"href":"https:\/\/linitiative.ca\/International\/wp-json\/wp\/v2\/media?parent=111380"}],"wp:term":[{"taxonomy":"category","embeddable":true,"href":"https:\/\/linitiative.ca\/International\/wp-json\/wp\/v2\/categories?post=111380"},{"taxonomy":"post_tag","embeddable":true,"href":"https:\/\/linitiative.ca\/International\/wp-json\/wp\/v2\/tags?post=111380"}],"curies":[{"name":"wp","href":"https:\/\/api.w.org\/{rel}","templated":true}]}}