{"id":111381,"date":"2021-02-16T15:14:21","date_gmt":"2021-02-16T20:14:21","guid":{"rendered":"https:\/\/linitiative.ca\/International\/montpellier-delort-connait-la-duree-de-son-indisponibilite\/"},"modified":"2021-02-16T15:14:21","modified_gmt":"2021-02-16T20:14:21","slug":"montpellier-delort-connait-la-duree-de-son-indisponibilite","status":"publish","type":"post","link":"https:\/\/linitiative.ca\/International\/montpellier-delort-connait-la-duree-de-son-indisponibilite\/","title":{"rendered":"Montpellier : Delort connait la dur\u00e9e de son indisponibilit\u00e9"},"content":{"rendered":"<div>Victime d&rsquo;une rechute, l&rsquo;international alg\u00e9rien va manquer deux semaines de comp\u00e9tition<img loading=\"lazy\" decoding=\"async\" src=\"http:\/\/feeds.feedburner.com\/~r\/GalerieFArtciles\/~4\/3g25idiUQSU\" height=\"1\" width=\"1\" alt=\"\"><\/div>\n<p>Auteur:<br \/>\n<a href=\"http:\/\/www.lebuteur.com\/article\/detail?titre=montpellier-delort-connait-la-duree-de-son-indisponibilite&#038;id=99096&#038;utm_source=feedburner&#038;utm_medium=feed&#038;utm_campaign=Feed%3A+GalerieFArtciles+%28Les+derniers+articles++-+lebuteur.com%29\">Cliquez ici pour lire l&rsquo;article depuis sa source.<\/a><\/p>\n","protected":false},"excerpt":{"rendered":"<p>Victime d&rsquo;une rechute, l&rsquo;international alg\u00e9rien va manquer deux semaines de comp\u00e9tition Auteur: Cliquez ici pour lire l&rsquo;article depuis sa source.<\/p>\n","protected":false},"author":1738,"featured_media":0,"comment_status":"closed","ping_status":"closed","sticky":false,"template":"","format":"standard","meta":{"fifu_image_url":"http:\/\/feeds.feedburner.com\/~r\/GalerieFArtciles\/~4\/3g25idiUQSU","fifu_image_alt":"Montpellier : Delort connait la dur\u00e9e de son indisponibilit\u00e9","footnotes":""},"categories":[53,75],"tags":[],"class_list":["post-111381","post","type-post","status-publish","format-standard","hentry","category-algerie","category-sport"],"_links":{"self":[{"href":"https:\/\/linitiative.ca\/International\/wp-json\/wp\/v2\/posts\/111381","targetHints":{"allow":["GET"]}}],"collection":[{"href":"https:\/\/linitiative.ca\/International\/wp-json\/wp\/v2\/posts"}],"about":[{"href":"https:\/\/linitiative.ca\/International\/wp-json\/wp\/v2\/types\/post"}],"author":[{"embeddable":true,"href":"https:\/\/linitiative.ca\/International\/wp-json\/wp\/v2\/users\/1738"}],"replies":[{"embeddable":true,"href":"https:\/\/linitiative.ca\/International\/wp-json\/wp\/v2\/comments?post=111381"}],"version-history":[{"count":0,"href":"https:\/\/linitiative.ca\/International\/wp-json\/wp\/v2\/posts\/111381\/revisions"}],"wp:attachment":[{"href":"https:\/\/linitiative.ca\/International\/wp-json\/wp\/v2\/media?parent=111381"}],"wp:term":[{"taxonomy":"category","embeddable":true,"href":"https:\/\/linitiative.ca\/International\/wp-json\/wp\/v2\/categories?post=111381"},{"taxonomy":"post_tag","embeddable":true,"href":"https:\/\/linitiative.ca\/International\/wp-json\/wp\/v2\/tags?post=111381"}],"curies":[{"name":"wp","href":"https:\/\/api.w.org\/{rel}","templated":true}]}}