{"id":111382,"date":"2021-02-16T15:14:23","date_gmt":"2021-02-16T20:14:23","guid":{"rendered":"https:\/\/linitiative.ca\/International\/pros-montpellier-mauvaise-nouvelle-pour-andy-delort\/"},"modified":"2021-02-16T15:14:23","modified_gmt":"2021-02-16T20:14:23","slug":"pros-montpellier-mauvaise-nouvelle-pour-andy-delort","status":"publish","type":"post","link":"https:\/\/linitiative.ca\/International\/pros-montpellier-mauvaise-nouvelle-pour-andy-delort\/","title":{"rendered":"Pros : Montpellier: Mauvaise nouvelle pour Andy Delort"},"content":{"rendered":"<div readability=\"32\">\n<p>Auteur : <span class=\"time\">mardi 16 f\u00e9vrier 2021 19:07<\/span><\/p>\n<\/div>\n<div id=\"post_core\" readability=\"45\">\n<p>Vainqueur sur le terrain de l&rsquo;OL samedi (2-1), le MHSC a eu une mauvaise nouvelle. Sorti \u00e0 la pause, Andy Delort a \u00e9t\u00e9 victime d&rsquo;une rechute de la l\u00e9sion qui l&rsquo;avait \u00e9loign\u00e9 r\u00e9cemment des terrains pendant quinze jours. Selon France Bleu H\u00e9rault, les ischios sont de nouveau touch\u00e9s au m\u00eame endroit. Une absence au moins aussi longue est \u00e0 pr\u00e9voir pour l&rsquo;attaquant montpelli\u00e9rain, qui manquerait donc Rennes, Reims et Lorient mais pourrait viser le derby contre N\u00eemes (14 mars) pour revenir. Egalement bless\u00e9 (adducteurs) sur le terrain du Groupama Stadium, Mihailo Ristic a \u00e9t\u00e9 rassur\u00e9 par les examens pratiqu\u00e9s lundi. Selon nos informations, il s&rsquo;agit seulement d&rsquo;une petite alerte et il pourra reprendre l&rsquo;entra\u00eenement cette semaine. Il est tout de m\u00eame incertain pour le match \u00e0 venir. Aucun risque ne sera pris, d&rsquo;autant plus que l&rsquo;un de ses concurrents Ambroise Oyongo est de nouveau op\u00e9rationnel rapporte l\u2019Equipe.fr.<\/p>\n<p><strong>Publi\u00e9 dans :<\/strong> <span>Andy Delort<\/span><\/p>\n<\/div>\n<p>Auteur:<br \/>\n<a href=\"http:\/\/www.lebuteur.com\/article\/detail?titre=montpellier-mauvaise-nouvelle-pour-andy-delort&#038;id=99097&#038;utm_source=feedburner&#038;utm_medium=feed&#038;utm_campaign=Feed%3A+GalerieFArtciles+%28Les+derniers+articles++-+lebuteur.com%29\">Cliquez ici pour lire l&rsquo;article depuis sa source.<\/a><\/p>\n","protected":false},"excerpt":{"rendered":"<p>Auteur : mardi 16 f\u00e9vrier 2021 19:07 Vainqueur sur le terrain de l&rsquo;OL samedi (2-1), le MHSC a eu une mauvaise nouvelle. Sorti \u00e0 la pause, Andy Delort a \u00e9t\u00e9 victime d&rsquo;une rechute de la l\u00e9sion qui l&rsquo;avait \u00e9loign\u00e9 r\u00e9cemment des terrains pendant quinze jours. Selon France Bleu H\u00e9rault, les ischios sont de nouveau touch\u00e9s [&hellip;]<\/p>\n","protected":false},"author":1738,"featured_media":0,"comment_status":"closed","ping_status":"closed","sticky":false,"template":"","format":"standard","meta":{"fifu_image_url":"\/\/cdn.lebuteur.com\/data\/images\/article\/thumbs\/large-montpellier-mauvaise-nouvelle-pour-andy-delort-6f2b5.jpg","fifu_image_alt":"Pros : Montpellier: Mauvaise nouvelle pour Andy Delort","footnotes":""},"categories":[53,75],"tags":[],"class_list":["post-111382","post","type-post","status-publish","format-standard","hentry","category-algerie","category-sport"],"_links":{"self":[{"href":"https:\/\/linitiative.ca\/International\/wp-json\/wp\/v2\/posts\/111382","targetHints":{"allow":["GET"]}}],"collection":[{"href":"https:\/\/linitiative.ca\/International\/wp-json\/wp\/v2\/posts"}],"about":[{"href":"https:\/\/linitiative.ca\/International\/wp-json\/wp\/v2\/types\/post"}],"author":[{"embeddable":true,"href":"https:\/\/linitiative.ca\/International\/wp-json\/wp\/v2\/users\/1738"}],"replies":[{"embeddable":true,"href":"https:\/\/linitiative.ca\/International\/wp-json\/wp\/v2\/comments?post=111382"}],"version-history":[{"count":0,"href":"https:\/\/linitiative.ca\/International\/wp-json\/wp\/v2\/posts\/111382\/revisions"}],"wp:attachment":[{"href":"https:\/\/linitiative.ca\/International\/wp-json\/wp\/v2\/media?parent=111382"}],"wp:term":[{"taxonomy":"category","embeddable":true,"href":"https:\/\/linitiative.ca\/International\/wp-json\/wp\/v2\/categories?post=111382"},{"taxonomy":"post_tag","embeddable":true,"href":"https:\/\/linitiative.ca\/International\/wp-json\/wp\/v2\/tags?post=111382"}],"curies":[{"name":"wp","href":"https:\/\/api.w.org\/{rel}","templated":true}]}}