{"id":111390,"date":"2021-02-16T05:00:00","date_gmt":"2021-02-16T10:00:00","guid":{"rendered":"https:\/\/linitiative.ca\/International\/une-epee-de-damocles-nommee-hirak\/"},"modified":"2021-02-16T05:00:00","modified_gmt":"2021-02-16T10:00:00","slug":"une-epee-de-damocles-nommee-hirak","status":"publish","type":"post","link":"https:\/\/linitiative.ca\/International\/une-epee-de-damocles-nommee-hirak\/","title":{"rendered":"Une \u00e9p\u00e9e de Damocl\u00e8s nomm\u00e9e Hirak !"},"content":{"rendered":"<p class=\"c2\">Ils en ont tous apr\u00e8s le Hirak dont ils se revendiquent. Mais comment savoir si ce dernier a r\u00e9ellement \u00e9t\u00e9 r\u00e9cup\u00e9r\u00e9 par des forces qui lui sont hostiles et veulent le plus grand mal au pays si on interdit \u00e0 l\u2019expression populaire de dire qui la porte, qui la conduit et qui esp\u00e8re en faire un fonds de commerce, au cas o\u00f9 il deviendrait urgent de forcer la d\u00e9cision \u00e0 prendre une tournure diff\u00e9rente ?\u00a0\u00a0<br \/>Quand on les somme de ranger le sigle au mus\u00e9e de l\u2019Histoire, ils reprennent du poil de la b\u00eate, se tirent dans les pattes, tentent de s\u2019\u00e9liminer les uns les autres et se font la guerre quand leurs int\u00e9r\u00eats ne convergent pas. Ils ont tous compris pourquoi il est indispensable, voire avantageux d\u2019\u00eatre aux commandes et quand on y est de tout faire pour y rester.\u00a0<br \/>Je parlais hier du FLN et de ses alli\u00e9s islamistes, mis en selle, pas seulement par Bouteflika, mais aussi par ceux qui l\u2019ont pr\u00e9c\u00e9d\u00e9 au sommet de l\u2019Etat.\u00a0<br \/>C\u2019est l\u2019une des raisons essentielles qui expliquent pourquoi rien d\u2019autre ne les int\u00e9resse. Ni le coronavirus ni les raisons qui imposent de sauver le pays des t\u00e9n\u00e8bres qui l\u2019entra\u00eenent vers le fond. Inutile d\u2019affirmer avoir identifi\u00e9 ceux qui ne d\u00e9sesp\u00e8rent pas de se mettre le Hirak dans la poche. Lorsque le mouvement populaire donnait le ton et que des dizaines de milliers de citoyens battaient le pav\u00e9 pour signifier \u00e0 une nomenklatura qui a s\u00e9v\u00e8rement oubli\u00e9 de servir le pays qu\u2019elle n\u2019\u00e9tait plus en odeur de saintet\u00e9, on a fait mine, en haut lieu, d\u2019avoir entendu et compris pourquoi le peuple mena\u00e7ait de s\u2019exprimer sur un ton plus s\u00e9v\u00e8re, qui ne garantit plus le pacifisme dont il se revendiquait.\u00a0 \u00a0<br \/>Dans la ferme intention de regagner une cr\u00e9dibilit\u00e9 qu\u2019ils savent trop largement entam\u00e9e, pour ne pas dire totalement perdue, ils s\u2019en prennent \u00e0 l\u2019Ex\u00e9cutif avec lequel ils sont pourtant traditionnellement en phase et dont ils approuvent tout ce qui leur est propos\u00e9 par lui. Comment faire oublier les promesses trahies et le m\u00e9pris port\u00e9 aux attentes citoyennes ? Celles que les candidats font avant d\u2019acc\u00e9der au pouvoir que leur conf\u00e8re leur nouveau statut. Avant qu\u2019ils acqui\u00e8rent la certitude d\u2019\u00eatre, enfin, devenus invincibles.\u00a0<br \/><em><strong>M. B.<\/strong><\/em><\/p>\n<p>Auteur:<br \/>\n<a href=\"https:\/\/www.lesoirdalgerie.com\/soit-dit-en-passant\/une-epee-de-damocles-nommee-hirak-56433\">Cliquez ici pour lire l&rsquo;article depuis sa source.<\/a><\/p>\n","protected":false},"excerpt":{"rendered":"<p>Ils en ont tous apr\u00e8s le Hirak dont ils se revendiquent. Mais comment savoir si ce dernier a r\u00e9ellement \u00e9t\u00e9 r\u00e9cup\u00e9r\u00e9 par des forces qui lui sont hostiles et veulent le plus grand mal au pays si on interdit \u00e0 l\u2019expression populaire de dire qui la porte, qui la conduit et qui esp\u00e8re en faire [&hellip;]<\/p>\n","protected":false},"author":1741,"featured_media":0,"comment_status":"closed","ping_status":"closed","sticky":false,"template":"","format":"standard","meta":{"fifu_image_url":"","fifu_image_alt":"","footnotes":""},"categories":[73,53],"tags":[],"class_list":["post-111390","post","type-post","status-publish","format-standard","hentry","category-actualite","category-algerie"],"_links":{"self":[{"href":"https:\/\/linitiative.ca\/International\/wp-json\/wp\/v2\/posts\/111390","targetHints":{"allow":["GET"]}}],"collection":[{"href":"https:\/\/linitiative.ca\/International\/wp-json\/wp\/v2\/posts"}],"about":[{"href":"https:\/\/linitiative.ca\/International\/wp-json\/wp\/v2\/types\/post"}],"author":[{"embeddable":true,"href":"https:\/\/linitiative.ca\/International\/wp-json\/wp\/v2\/users\/1741"}],"replies":[{"embeddable":true,"href":"https:\/\/linitiative.ca\/International\/wp-json\/wp\/v2\/comments?post=111390"}],"version-history":[{"count":0,"href":"https:\/\/linitiative.ca\/International\/wp-json\/wp\/v2\/posts\/111390\/revisions"}],"wp:attachment":[{"href":"https:\/\/linitiative.ca\/International\/wp-json\/wp\/v2\/media?parent=111390"}],"wp:term":[{"taxonomy":"category","embeddable":true,"href":"https:\/\/linitiative.ca\/International\/wp-json\/wp\/v2\/categories?post=111390"},{"taxonomy":"post_tag","embeddable":true,"href":"https:\/\/linitiative.ca\/International\/wp-json\/wp\/v2\/tags?post=111390"}],"curies":[{"name":"wp","href":"https:\/\/api.w.org\/{rel}","templated":true}]}}