{"id":111393,"date":"2021-02-16T08:08:28","date_gmt":"2021-02-16T13:08:28","guid":{"rendered":"https:\/\/linitiative.ca\/International\/tensions-en-sud-mediterranee-des-journalistes-marocains-appellent-lue-a-agir-face-aux-menees-aventuristes-des-generaux-dalger\/"},"modified":"2021-02-16T08:08:28","modified_gmt":"2021-02-16T13:08:28","slug":"tensions-en-sud-mediterranee-des-journalistes-marocains-appellent-lue-a-agir-face-aux-menees-aventuristes-des-generaux-dalger","status":"publish","type":"post","link":"https:\/\/linitiative.ca\/International\/tensions-en-sud-mediterranee-des-journalistes-marocains-appellent-lue-a-agir-face-aux-menees-aventuristes-des-generaux-dalger\/","title":{"rendered":"Tensions en Sud-M\u00e9diterran\u00e9e:  des journalistes marocains appellent l\u2019UE \u00e0 agir face aux \u00ab men\u00e9es aventuristes \u00bb des g\u00e9n\u00e9raux d\u2019Alger"},"content":{"rendered":"<p><strong>Une pl\u00e9iade de journalistes marocains ont appel\u00e9, mardi, l\u2019Union europ\u00e9enne (UE) \u00e0 agir avec c\u00e9l\u00e9rit\u00e9 pour rem\u00e9dier au climat de tension durable qui s\u2019est install\u00e9 en Sud M\u00e9diterran\u00e9e suite aux \u00ab\u00a0men\u00e9es aventuristes\u00a0\u00bb des g\u00e9n\u00e9raux d\u2019Alger \u00ab\u00a0qui finiront un jour par mettre toute la M\u00e9diterran\u00e9e \u00e0 feu et \u00e0 sang\u00a0\u00bb.<\/strong><\/p>\n<div class=\"c10\">\n<\/div>\n<p>Dernier \u00e9pisode en date de \u00ab\u00a0la fuite en avant\u00a0\u00bb pratiqu\u00e9e par le r\u00e9gime des g\u00e9n\u00e9raux pour assurer son maintien et sa survie, une campagne m\u00e9diatique incendiaire, s\u2019en prenant de mani\u00e8re indigne et abjecte au Royaume du Maroc et \u00e0 ses symboles sacr\u00e9s, qui prolonge et d\u00e9ploie, \u00e0 travers certains m\u00e9dias de services, des provocations et des agitations militaires dans des zones frontali\u00e8res de l\u2019Est et du Sud-ouest, soulignent les signataires d\u2019une p\u00e9tition dont copie est parvenue \u00e0 la MAP.<\/p>\n<p>Pareille situation participe d\u2019une culture de conflictualit\u00e9 et ne peut que pr\u00e9occuper quant aux conditions de la stabilit\u00e9, de la paix et de la s\u00e9curit\u00e9 au Maghreb et en Sud M\u00e9diterran\u00e9e, pr\u00e9viennent les lanceurs de l\u2019appel, estimant que tout atermoiement de l\u2019UE, \u00ab\u00a0dont la responsabilit\u00e9 est engag\u00e9e \u00e0 l\u2019\u00e9gard de la M\u00e9diterran\u00e9e\u00a0\u00bb, risque de \u00ab\u00a0jouer le jeu de vieux g\u00e9n\u00e9raux alg\u00e9riens, arc-bout\u00e9s sur la rente gazi\u00e8re et adeptes de la politique de la terre brul\u00e9e\u00a0\u00bb.<\/p>\n<p>\u00a0Cette fuite en avant d\u2019un r\u00e9gime militaire alg\u00e9rien aux abois et dont le pouvoir est finissant risque d\u2019embraser la r\u00e9gion de Sud M\u00e9diterran\u00e9e et la faire entrer dans une spirale de violence sans fin dont ni le Nord ni le Sud ne sortira indemne, soutient l\u2019appel, rappelant que ce r\u00e9gime est d\u00e9l\u00e9gitim\u00e9 du fait de son passif par une large dynamique sociale contestataire mobilis\u00e9e autour d\u2019un ordre nouveau, un syst\u00e8me fondateur de l\u2019\u00c9tat de droit, des libert\u00e9s et de la d\u00e9mocratie. \u00ab\u00a0Ce qui est en cause, c\u2019est la fin de la spoliation de l\u2019ind\u00e9pendance et de la confiscation des ressources nationales. C\u2019est aussi les fondements et l\u2019articulation d\u2019un nouveau projet de soci\u00e9t\u00e9 adoss\u00e9 \u00e0 un r\u00e9f\u00e9rentiel de libert\u00e9, de justice sociale, de pleine citoyennet\u00e9, assurant la dignit\u00e9, le progr\u00e8s social et le bien-\u00eatre de tous\u00a0\u00bb, ajoutent les signataires de cet appel.<\/p>\n<p><strong>Lire aussi| <a href=\"https:\/\/www.challenge.ma\/la-federation-marocaine-des-medias-condamne-les-derives-dun-programme-algerien-de-television-175256\/\" target=\"_blank\" rel=\"noreferrer noopener\">D\u00e9claration contre les d\u00e9rives des m\u00e9dias alg\u00e9riens<\/a><\/strong><\/p>\n<p>\u00a0Les vieux g\u00e9n\u00e9raux au pouvoir, depuis 1962, en Alg\u00e9rie qui ont spoli\u00e9 l\u2019ind\u00e9pendance du pays et confisqu\u00e9 ses ressources, en une pr\u00e9dation g\u00e9n\u00e9ralis\u00e9e, ont choisi l\u2019option guerri\u00e8re pour d\u00e9tourner l\u2019attention des Alg\u00e9riens des vrais probl\u00e8mes du pays, fait observer le texte, soulignant que \u00ab\u00a0le peuple alg\u00e9rien r\u00e9clame aujourd\u2019hui une autod\u00e9termination pour l\u2019installation d\u2019un Etat civil, d\u2019une d\u00e9mocratie r\u00e9elle et d\u2019une classe politique autonome et responsable\u00a0\u00bb.<\/p>\n<p>\u00a0Ce sont l\u00e0 des \u00e9l\u00e9ments n\u00e9cessaires d\u2019une soci\u00e9t\u00e9 civile agissante, d\u2019une \u00e9conomie libre et transparente, d\u2019une diversit\u00e9 culturelle qui respecte les diff\u00e9rences et d\u2019une politique maghr\u00e9bine de voisinage porteuse d\u2019espoir, rel\u00e8vent les signataires du document.<\/p>\n<p>\u00a0Ils soulignent en outre que \u00ab\u00a0si le plan d\u2019autonomie sous souverainet\u00e9 marocaine est consid\u00e9r\u00e9 par tous comme une solution, cr\u00e9dible, durable et juste pour clore, sous l\u2019\u00e9gide de l\u2019ONU, la question du Sahara marocain, alors il est urgemment indiqu\u00e9 que l\u2019Union europ\u00e9enne reconnaisse \u00e0 son tour, \u00e0 l\u2019instar des Etats-Unis, la souverainet\u00e9 marocaine sur son Sahara pour lancer concr\u00e8tement les n\u00e9gociations sur cette autonomie et marquer la fin de cet \u00e9tat de guerre qui dure depuis 45 ans\u00a0\u00bb.<\/p>\n<p>\u00a0Cet appel \u00e0 la raison et \u00e0 la responsabilit\u00e9 en Sud M\u00e9diterran\u00e9e a \u00e9t\u00e9 sign\u00e9 par le journaliste, Pr\u00e9sident de la F\u00e9d\u00e9ration marocaine des m\u00e9dias (FMM) Kamal Lahlou, le journaliste, professeur universitaire Mustapha Sehimi, le journaliste-\u00e9crivain, ex-Pr\u00e9sident de la F\u00e9d\u00e9ration marocaine des \u00e9diteurs de journaux (FMEJ), Pr\u00e9sident de la Confr\u00e9rie des Compagnons de Gutenberg et Directeur g\u00e9n\u00e9ral de l\u2019Agence marocaine de presse Khalil Hachimi Idrissi, et la journaliste, ex-Pr\u00e9sidente de la FMEJ, Directrice du Reporter Bahia Amrani.<\/p>\n<p><strong>Lire aussi| <a href=\"https:\/\/www.challenge.ma\/relance-economique-la-region-de-marrakech-safi-et-ifc-signent-un-partenariat-175384\/\" target=\"_blank\" rel=\"noreferrer noopener\">Relance \u00e9conomique : la r\u00e9gion de Marrakech-Safi et IFC signent un partenariat<\/a><\/strong><\/p>\n<p>\u00a0Il a \u00e9galement \u00e9t\u00e9 sign\u00e9 par la journaliste, fondatrice du Groupe Eco-m\u00e9dias, ex-r\u00e9dactrice en chef de l\u2019Economiste, Nadia Salah, la journaliste, ex-DGA de 2M, Conseill\u00e8re en communication, Samira Sitail, la journaliste, membre du Conseil national de la presse, Touria Souaf et le journaliste, ex-membre de la HACA et pr\u00e9sident du Comit\u00e9 international de soutien au peuple palestinien relevant de l\u2019organisation de solidarit\u00e9 afro-asiatique, Talaa Saoud Al Atlassi.<\/p>\n<p>\u00a0Le journaliste, membre du Conseil national de la presse, Pr\u00e9sident de la F\u00e9d\u00e9ration marocaine des \u00e9diteurs de journaux (FMEJ), Noureddine Miftah, le professeur Universitaire, fondateur du Groupe Eco-m\u00e9dias, membre du Conseil national de la presse, Pr\u00e9sident de l\u2019Association marocaine des m\u00e9dias (AMM), Abdelmoneim Dilami, le journaliste, Pr\u00e9sident du Conseil national de la presse, Younes Mjahed le journaliste, ex-membre de la HACA, Directeur de\u00a0<a href=\"http:\/\/quid.ma\/\">quid.ma<\/a>, Naim Kamal, le journaliste, membre du Conseil national de la presse, Pr\u00e9sident de l\u2019OJD Maroc, Mohamed Selhami, le journaliste, fondateur de SAPRESSE, Pr\u00e9sident de Promopresse, Mohamed Berrada, et le journaliste, Fondateur d\u2019Al Ahdath Al Maghribia, Mohamed El Brini, ont \u00e9galement sign\u00e9 ce document.<\/p>\n<p><strong>MAP<\/strong>\u00a0<\/p>\n<p>Auteur: challenge<br \/>\n<a href=\"https:\/\/www.challenge.ma\/tensions-en-sud-mediterranee-des-journalistes-marocains-appellent-lue-a-agir-face-aux-menees-aventuristes-des-generaux-dalger-175425\/\">Cliquez ici pour lire l&rsquo;article depuis sa source.<\/a><\/p>\n","protected":false},"excerpt":{"rendered":"<p>Une pl\u00e9iade de journalistes marocains ont appel\u00e9, mardi, l\u2019Union europ\u00e9enne (UE) \u00e0 agir avec c\u00e9l\u00e9rit\u00e9 pour rem\u00e9dier au climat de tension durable qui s\u2019est install\u00e9 en Sud M\u00e9diterran\u00e9e suite aux \u00ab\u00a0men\u00e9es aventuristes\u00a0\u00bb des g\u00e9n\u00e9raux d\u2019Alger \u00ab\u00a0qui finiront un jour par mettre toute la M\u00e9diterran\u00e9e \u00e0 feu et \u00e0 sang\u00a0\u00bb. Dernier \u00e9pisode en date de \u00ab\u00a0la [&hellip;]<\/p>\n","protected":false},"author":1787,"featured_media":0,"comment_status":"closed","ping_status":"closed","sticky":false,"template":"","format":"standard","meta":{"fifu_image_url":"","fifu_image_alt":"","footnotes":""},"categories":[78,54],"tags":[],"class_list":["post-111393","post","type-post","status-publish","format-standard","hentry","category-economie","category-maroc"],"_links":{"self":[{"href":"https:\/\/linitiative.ca\/International\/wp-json\/wp\/v2\/posts\/111393","targetHints":{"allow":["GET"]}}],"collection":[{"href":"https:\/\/linitiative.ca\/International\/wp-json\/wp\/v2\/posts"}],"about":[{"href":"https:\/\/linitiative.ca\/International\/wp-json\/wp\/v2\/types\/post"}],"author":[{"embeddable":true,"href":"https:\/\/linitiative.ca\/International\/wp-json\/wp\/v2\/users\/1787"}],"replies":[{"embeddable":true,"href":"https:\/\/linitiative.ca\/International\/wp-json\/wp\/v2\/comments?post=111393"}],"version-history":[{"count":0,"href":"https:\/\/linitiative.ca\/International\/wp-json\/wp\/v2\/posts\/111393\/revisions"}],"wp:attachment":[{"href":"https:\/\/linitiative.ca\/International\/wp-json\/wp\/v2\/media?parent=111393"}],"wp:term":[{"taxonomy":"category","embeddable":true,"href":"https:\/\/linitiative.ca\/International\/wp-json\/wp\/v2\/categories?post=111393"},{"taxonomy":"post_tag","embeddable":true,"href":"https:\/\/linitiative.ca\/International\/wp-json\/wp\/v2\/tags?post=111393"}],"curies":[{"name":"wp","href":"https:\/\/api.w.org\/{rel}","templated":true}]}}