{"id":111397,"date":"2021-02-16T15:40:54","date_gmt":"2021-02-16T20:40:54","guid":{"rendered":"https:\/\/linitiative.ca\/International\/lambassadeur-de-tunisie-a-paris-copreside-une-reunion-du-groupe-interparlementaire-damitie-tuniso-francais-au-senat\/"},"modified":"2021-02-16T15:40:54","modified_gmt":"2021-02-16T20:40:54","slug":"lambassadeur-de-tunisie-a-paris-copreside-une-reunion-du-groupe-interparlementaire-damitie-tuniso-francais-au-senat","status":"publish","type":"post","link":"https:\/\/linitiative.ca\/International\/lambassadeur-de-tunisie-a-paris-copreside-une-reunion-du-groupe-interparlementaire-damitie-tuniso-francais-au-senat\/","title":{"rendered":"L\u2019ambassadeur de Tunisie \u00e0 Paris copr\u00e9side une r\u00e9union du groupe interparlementaire d\u2019amiti\u00e9 tuniso-fran\u00e7ais au S\u00e9nat"},"content":{"rendered":"<div class=\"post-cont-in left relative\">\n<div id=\"post-info-wrap\" class=\"left relative post-info-out\">\n<div class=\"post-info-img left relative\"><img loading=\"lazy\" decoding=\"async\" alt=\"\" src=\"https:\/\/secure.gravatar.com\/avatar\/047123be9d5e8513774383916ee72db2?s=50&amp;d=mm&amp;r=g\" srcset=\"https:\/\/secure.gravatar.com\/avatar\/047123be9d5e8513774383916ee72db2?s=100&amp;d=mm&amp;r=g 2x\" class=\"avatar avatar-50 photo\" height=\"50\" width=\"50\"\/><\/div>\n<div class=\"post-info-in\">\n<div class=\"post-info-right left relative post-info-name left relative\"><span><span class=\"post-info-text\">Par<\/span> <span class=\"author-name vcard fn author\"><a href=\"https:\/\/www.tunisienumerique.com\/author\/lm\/\" title=\"Articles par LM\" rel=\"author\">LM<\/a><\/span><\/span> <span class=\"post-date updated\"><time class=\"post-date updated\" datetime=\"2021-02-16\">\u00a0| Il y a 1 heure<\/time><\/span><br \/>\n<meta itemprop=\"dateModified\" content=\"2021-02-16\"\/><\/div>\n<div class=\"left relative\"><button id=\"listenButton1\" class=\"responsivevoice-button\" type=\"button\" value=\"Play\" title=\"\u00c9coutez l'article\"><span>\ud83d\udd0a \u00c9coutez l&rsquo;article<\/span><\/button>\n<\/div>\n<\/div>\n<\/div>\n<p>L\u2019Ambassadeur de Tunisie en France ,M. Mohamed Karim Jamoussi, accompagn\u00e9 de diplomates de l\u2019ambassade, a tenu aujourd\u2019hui 16 f\u00e9vrier 2021, une s\u00e9ance de travail au S\u00e9nat Fran\u00e7ais avec le groupe interparlementaire d\u2019amiti\u00e9 tuniso-fran\u00e7ais\u00a0 pr\u00e9sid\u00e9 par le S\u00e9nateur M. Jean-Pierre Sueur.<\/p>\n<div class=\"code-block code-block-1 c4\">\n <ins class=\"adsbygoogle c3\" data-ad-layout=\"in-article\" data-ad-format=\"fluid\" data-ad-client=\"ca-pub-2102118777505746\" data-ad-slot=\"7301775417\"\/>\n<\/div>\n<p>Cette rencontre a \u00e9t\u00e9 l\u2019occasion pour \u00e9changer les points de vues sur la coop\u00e9ration tuniso-fran\u00e7aise et les moyens de la consolider. M. Karim Jamoussi a donn\u00e9 un aper\u00e7u de la situation g\u00e9n\u00e9rale en Tunisie dans les domaines politique, \u00e9conomique, social et sanitaire. Il a \u00e9voqu\u00e9 \u00e0 ce titre, les d\u00e9fis auxquels notre pays est confront\u00e9 en relation avec les implications de la crise sanitaire mondiale sur les plans \u00e9conomique et social, soulignant l\u2019importance du r\u00f4le jou\u00e9 par les institutions l\u00e9gislatives des deux pays pour relier les ponts de communication entre les deux peuples et consolider l\u2019amiti\u00e9 historique.<\/p>\n<p>La r\u00e9union a \u00e9galement \u00e9t\u00e9 l\u2019occasion pour \u00e9tudier conjointement les moyens de renforcer davantage la coop\u00e9ration entre le S\u00e9nat fran\u00e7ais et l\u2019Ambassade afin d\u2019organiser des \u00e9v\u00e9nements \u00e0 caract\u00e8re \u00e9conomique, d\u2019investissement et de tourisme, en particulier dans la phase post-crise sanitaire.<\/p>\n<p>De son c\u00f4t\u00e9, le S\u00e9nateur Jean-Pierre Sueur a soulign\u00e9 la satisfaction quant au niveau des relations bilat\u00e9rales et des liens d\u2019amiti\u00e9 entre la Tunisie et la France et la volont\u00e9 de se tenir aux c\u00f4t\u00e9s de la Tunisie et la soutenir \u00e0 diff\u00e9rents niveaux.<\/p>\n<p>M. Jean-Pierre Sueur a \u00e9galement soulign\u00e9 la n\u00e9cessit\u00e9 de programmer un certain nombre d\u2019activit\u00e9s entre les deux institutions l\u00e9gislatives et l\u2019enti\u00e8re disposition du Groupe interparlementaire d\u2019amiti\u00e9 tuniso-fran\u00e7ais au S\u00e9nat fran\u00e7ais de coop\u00e9rer avec la mission et le groupe d\u2019amiti\u00e9 parlementaire tunisien pour organiser des \u00e9v\u00e8nements qui donneraient un nouvel \u00e9lan \u00e0 la coop\u00e9ration, notamment dans les domaines de l\u2019investissement et du retour des touristes fran\u00e7ais vers notre pays apr\u00e8s la crise sanitaire.<\/p>\n<p><a href=\"https:\/\/www.tunisienumerique.com\/lambassadeur-de-tunisie-a-paris-copreside-une-reunion-du-groupe-interparlementaire-damitie-tuniso-francais-au-senat\/jam3\/\" rel=\"attachment wp-att-628945\"><img loading=\"lazy\" decoding=\"async\" class=\"aligncenter size-full wp-image-628945\" src=\"https:\/\/www.tunisienumerique.com\/wp-content\/uploads\/2021\/02\/jam3.jpg\" alt=\"\" width=\"640\" height=\"426\" srcset=\"https:\/\/www.tunisienumerique.com\/wp-content\/uploads\/2021\/02\/jam3.jpg 640w, https:\/\/www.tunisienumerique.com\/wp-content\/uploads\/2021\/02\/jam3-600x399.jpg 600w\" sizes=\"auto, (max-width: 640px) 100vw, 640px\"\/><\/a><\/p>\n<p><a href=\"https:\/\/www.tunisienumerique.com\/lambassadeur-de-tunisie-a-paris-copreside-une-reunion-du-groupe-interparlementaire-damitie-tuniso-francais-au-senat\/jam2\/\" rel=\"attachment wp-att-628946\"><img loading=\"lazy\" decoding=\"async\" class=\"aligncenter size-full wp-image-628946\" src=\"https:\/\/www.tunisienumerique.com\/wp-content\/uploads\/2021\/02\/jam2.jpg\" alt=\"\" width=\"640\" height=\"428\" srcset=\"https:\/\/www.tunisienumerique.com\/wp-content\/uploads\/2021\/02\/jam2.jpg 640w, https:\/\/www.tunisienumerique.com\/wp-content\/uploads\/2021\/02\/jam2-600x401.jpg 600w\" sizes=\"auto, (max-width: 640px) 100vw, 640px\"\/><\/a><\/p>\n<p><a href=\"https:\/\/www.tunisienumerique.com\/lambassadeur-de-tunisie-a-paris-copreside-une-reunion-du-groupe-interparlementaire-damitie-tuniso-francais-au-senat\/jam1\/\" rel=\"attachment wp-att-628947\"><img loading=\"lazy\" decoding=\"async\" class=\"aligncenter size-full wp-image-628947\" src=\"https:\/\/www.tunisienumerique.com\/wp-content\/uploads\/2021\/02\/jam1.jpg\" alt=\"\" width=\"640\" height=\"426\" srcset=\"https:\/\/www.tunisienumerique.com\/wp-content\/uploads\/2021\/02\/jam1.jpg 640w, https:\/\/www.tunisienumerique.com\/wp-content\/uploads\/2021\/02\/jam1-600x399.jpg 600w\" sizes=\"auto, (max-width: 640px) 100vw, 640px\"\/><\/a><\/p>\n<div class=\"swp_social_panel swp_horizontal_panel swp_flat_fresh swp_default_full_color swp_individual_full_color swp_other_full_color scale-100 scale-\" data-min-width=\"1100\" data-float-color=\"#ffffff\" data-float=\"bottom\" data-float-mobile=\"bottom\" data-transition=\"slide\">\n<div class=\"nc_tweetContainer swp_share_button total_shares total_sharesalt\"><span class=\"swp_count\">3 <span class=\"swp_label\">Partages<\/span><\/span><\/div>\n<\/div>\n<p><strong>Que se passe-t-il en Tunisie?<\/strong><br \/>Nous expliquons sur notre <a href=\"https:\/\/www.youtube.com\/channel\/UCRzypVq0B_yBad5eGrwBx0Q?sub_confirmation=1\" target=\"_blank\" rel=\"noopener\">cha\u00eene YouTube<\/a> . <a href=\"https:\/\/www.youtube.com\/channel\/UCRzypVq0B_yBad5eGrwBx0Q?sub_confirmation=1\" target=\"_blank\" rel=\"noopener\">Abonnez-vous!<\/a><\/p>\n<div class=\"mvp-org-wrap\" itemprop=\"publisher\">\n<div class=\"mvp-org-logo\" itemprop=\"logo\"><img decoding=\"async\" src=\"https:\/\/www.tunisienumerique.com\/wp-content\/uploads\/2017\/02\/logo_tunisie_numerique.png\"\/><br \/>\n<meta itemprop=\"url\" content=\"https:\/\/www.tunisienumerique.com\/wp-content\/uploads\/2017\/02\/logo_tunisie_numerique.png\"\/><\/div>\n<p><meta content=\"Tunisie Num\u00e9rique\"\/><\/div>\n<div class=\"mvp-related-posts left relative\">\n<h4 class=\"post-header\"><span class=\"post-header\">Lire aussi<\/span><\/h4>\n<\/div>\n<div id=\"article-ad\">\n <ins class=\"adsbygoogle c5\" data-ad-client=\"ca-pub-2102118777505746\" data-ad-slot=\"6513972734\" data-ad-format=\"auto\" data-full-width-responsive=\"true\"\/>\n<\/div>\n<\/div>\n<div id=\"post-sidebar-wrap\">\n <ins class=\"adsbygoogle c5\" data-ad-client=\"ca-pub-2102118777505746\" data-ad-slot=\"6168283410\" data-ad-format=\"auto\" data-full-width-responsive=\"true\"\/>\n<\/div>\n<p>Auteur: LM<br \/>\n<a href=\"https:\/\/www.tunisienumerique.com\/lambassadeur-de-tunisie-a-paris-copreside-une-reunion-du-groupe-interparlementaire-damitie-tuniso-francais-au-senat\/\">Cliquez ici pour lire l&rsquo;article depuis sa source.<\/a><\/p>\n","protected":false},"excerpt":{"rendered":"<p>Par LM \u00a0| Il y a 1 heure \ud83d\udd0a \u00c9coutez l&rsquo;article L\u2019Ambassadeur de Tunisie en France ,M. Mohamed Karim Jamoussi, accompagn\u00e9 de diplomates de l\u2019ambassade, a tenu aujourd\u2019hui 16 f\u00e9vrier 2021, une s\u00e9ance de travail au S\u00e9nat Fran\u00e7ais avec le groupe interparlementaire d\u2019amiti\u00e9 tuniso-fran\u00e7ais\u00a0 pr\u00e9sid\u00e9 par le S\u00e9nateur M. Jean-Pierre Sueur. Cette rencontre a \u00e9t\u00e9 [&hellip;]<\/p>\n","protected":false},"author":1789,"featured_media":0,"comment_status":"closed","ping_status":"closed","sticky":false,"template":"","format":"standard","meta":{"fifu_image_url":"https:\/\/secure.gravatar.com\/avatar\/047123be9d5e8513774383916ee72db2?s=50&d=mm&r=g","fifu_image_alt":"L\u2019ambassadeur de Tunisie \u00e0 Paris copr\u00e9side une r\u00e9union du groupe interparlementaire d\u2019amiti\u00e9 tuniso-fran\u00e7ais au S\u00e9nat","footnotes":""},"categories":[73,55],"tags":[],"class_list":["post-111397","post","type-post","status-publish","format-standard","hentry","category-actualite","category-tunisie"],"_links":{"self":[{"href":"https:\/\/linitiative.ca\/International\/wp-json\/wp\/v2\/posts\/111397","targetHints":{"allow":["GET"]}}],"collection":[{"href":"https:\/\/linitiative.ca\/International\/wp-json\/wp\/v2\/posts"}],"about":[{"href":"https:\/\/linitiative.ca\/International\/wp-json\/wp\/v2\/types\/post"}],"author":[{"embeddable":true,"href":"https:\/\/linitiative.ca\/International\/wp-json\/wp\/v2\/users\/1789"}],"replies":[{"embeddable":true,"href":"https:\/\/linitiative.ca\/International\/wp-json\/wp\/v2\/comments?post=111397"}],"version-history":[{"count":0,"href":"https:\/\/linitiative.ca\/International\/wp-json\/wp\/v2\/posts\/111397\/revisions"}],"wp:attachment":[{"href":"https:\/\/linitiative.ca\/International\/wp-json\/wp\/v2\/media?parent=111397"}],"wp:term":[{"taxonomy":"category","embeddable":true,"href":"https:\/\/linitiative.ca\/International\/wp-json\/wp\/v2\/categories?post=111397"},{"taxonomy":"post_tag","embeddable":true,"href":"https:\/\/linitiative.ca\/International\/wp-json\/wp\/v2\/tags?post=111397"}],"curies":[{"name":"wp","href":"https:\/\/api.w.org\/{rel}","templated":true}]}}