{"id":111399,"date":"2021-02-16T16:41:56","date_gmt":"2021-02-16T21:41:56","guid":{"rendered":"https:\/\/linitiative.ca\/International\/tunisie-il-est-temps-danticiper-la-flambee-des-prix-pendant-ramadan\/"},"modified":"2021-02-16T16:41:56","modified_gmt":"2021-02-16T21:41:56","slug":"tunisie-il-est-temps-danticiper-la-flambee-des-prix-pendant-ramadan","status":"publish","type":"post","link":"https:\/\/linitiative.ca\/International\/tunisie-il-est-temps-danticiper-la-flambee-des-prix-pendant-ramadan\/","title":{"rendered":"Tunisie \u2013 Il est temps d\u2019anticiper la flamb\u00e9e des prix pendant Ramadan"},"content":{"rendered":"<div class=\"post-cont-in left relative\">\n<div id=\"post-info-wrap\" class=\"left relative post-info-out\">\n<div class=\"post-info-img left relative\"><img loading=\"lazy\" decoding=\"async\" alt=\"\" src=\"https:\/\/secure.gravatar.com\/avatar\/047123be9d5e8513774383916ee72db2?s=50&amp;d=mm&amp;r=g\" srcset=\"https:\/\/secure.gravatar.com\/avatar\/047123be9d5e8513774383916ee72db2?s=100&amp;d=mm&amp;r=g 2x\" class=\"avatar avatar-50 photo\" height=\"50\" width=\"50\"\/><\/div>\n<div class=\"post-info-in\">\n<div class=\"post-info-right left relative post-info-name left relative\"><span><span class=\"post-info-text\">Par<\/span> <span class=\"author-name vcard fn author\"><a href=\"https:\/\/www.tunisienumerique.com\/author\/lm\/\" title=\"Articles par LM\" rel=\"author\">LM<\/a><\/span><\/span> <span class=\"post-date updated\"><time class=\"post-date updated\" datetime=\"2021-02-16\">\u00a0| Il y a 28 secondes<\/time><\/span><br \/>\n<meta itemprop=\"dateModified\" content=\"2021-02-16\"\/><\/div>\n<div class=\"left relative\"><button id=\"listenButton1\" class=\"responsivevoice-button\" type=\"button\" value=\"Play\" title=\"\u00c9coutez l'article\"><span>\ud83d\udd0a \u00c9coutez l&rsquo;article<\/span><\/button>\n<\/div>\n<\/div>\n<\/div>\n<p>Les prix sont, d\u00e9j\u00e0, aujourd\u2019hui, \u00e0 la limite des possibilit\u00e9s des consommateurs. Ils sont assez \u00e9lev\u00e9s, mais, il faut conc\u00e9der que la disponibilit\u00e9 des denr\u00e9es fait que les prix soient plus ou moins maitris\u00e9s. Mais, il n\u2019en sera pas, toujours, ainsi, selon ce que pr\u00e9disent les sp\u00e9cialistes.<\/p>\n<div class=\"code-block code-block-1 c4\">\n <ins class=\"adsbygoogle c3\" data-ad-layout=\"in-article\" data-ad-format=\"fluid\" data-ad-client=\"ca-pub-2102118777505746\" data-ad-slot=\"7301775417\"\/>\n<\/div>\n<p>Il est vrai que pour le d\u00e9but du mois saint de Ramadan, on pr\u00e9voit, une diminution \u00e9vidente des quantit\u00e9s des denr\u00e9es et de marchandises, notamment, en ce qui concerne les fruits et l\u00e9gumes. Puisque le d\u00e9but du Ramadan est pr\u00e9vu pour dans moins de deux mois. Ce qui correspond, pile, avec la p\u00e9riode creuse de production de l\u2019intersaison.<\/p>\n<p>Ce dossier devra, de ce fait, constituer la premi\u00e8re priorit\u00e9 du ministre du commerce, qui va devoir anticiper, pour sauvegarder u semblant de pouvoir d\u2019achat du tunisien.<\/p>\n<p>Et pour ce faire, on ne va pas r\u00e9inventer la roue. La formule est connue, et rod\u00e9e. Il va falloir emmagasiner des articles qui sont, en ce moment, en abondance. Et il faudra, aussi, , n\u2019en d\u00e9plaise \u00e0 certains, entamer les proc\u00e9dures pour importer les denr\u00e9es qui vont venir \u00e0 manquer sur les \u00e9tals. Histoire d\u2019am\u00e9liorer l\u2019offre et r\u00e9guler les prix.<\/p>\n<p>Il est \u00e9vident que ces d\u00e9marches ne vont pas trop plaire aux sp\u00e9culateurs notoires, e autres lobbyistes des march\u00e9s. Mais l\u00e0 n\u2019est pas le probl\u00e8me, pour l\u2019instant. Mais le principal probl\u00e8me sera, forc\u00e9ment, de savoir comment pouvoir pr\u00e9server le pouvoir d\u2019achat du tunisien. Surtout, en cette p\u00e9riode de crise \u00e9conomique et sociale, o\u00f9 les nerfs sont \u00e0 vif, e o\u00f9 la moindre p\u00e9nurie, ou le moindre abus des prix, risquerait d\u2019avoir des cons\u00e9quences incalculables.<\/p>\n<p>Un homme averti en vaut deux\u2026 Et voil\u00e0 le ministre du commerce averti de ce qui l\u2019attend, et de ce qu\u2019il a \u00e0 faire de fa\u00e7on urgente, sans tenir en compte aucun autre int\u00e9r\u00eat que celui du consommateur tunisien, s\u2019il ne veut pas verser de l\u2019huile sur le feu qui couve\u00a0!<\/p>\n<div class=\"swp_social_panel swp_horizontal_panel swp_flat_fresh swp_default_full_color swp_individual_full_color swp_other_full_color scale-100 scale-\" data-min-width=\"1100\" data-float-color=\"#ffffff\" data-float=\"bottom\" data-float-mobile=\"bottom\" data-transition=\"slide\">\n<div class=\"nc_tweetContainer swp_share_button total_shares total_sharesalt\"><span class=\"swp_count\">0 <span class=\"swp_label\">Partages<\/span><\/span><\/div>\n<\/div>\n<p><strong>Que se passe-t-il en Tunisie?<\/strong><br \/>Nous expliquons sur notre <a href=\"https:\/\/www.youtube.com\/channel\/UCRzypVq0B_yBad5eGrwBx0Q?sub_confirmation=1\" target=\"_blank\" rel=\"noopener\">cha\u00eene YouTube<\/a> . <a href=\"https:\/\/www.youtube.com\/channel\/UCRzypVq0B_yBad5eGrwBx0Q?sub_confirmation=1\" target=\"_blank\" rel=\"noopener\">Abonnez-vous!<\/a><\/p>\n<div class=\"mvp-org-wrap\" itemprop=\"publisher\">\n<div class=\"mvp-org-logo\" itemprop=\"logo\"><img decoding=\"async\" src=\"https:\/\/www.tunisienumerique.com\/wp-content\/uploads\/2017\/02\/logo_tunisie_numerique.png\"\/><br \/>\n<meta itemprop=\"url\" content=\"https:\/\/www.tunisienumerique.com\/wp-content\/uploads\/2017\/02\/logo_tunisie_numerique.png\"\/><\/div>\n<p><meta content=\"Tunisie Num\u00e9rique\"\/><\/div>\n<div class=\"mvp-related-posts left relative\">\n<h4 class=\"post-header\"><span class=\"post-header\">Lire aussi<\/span><\/h4>\n<\/div>\n<div id=\"article-ad\">\n <ins class=\"adsbygoogle c5\" data-ad-client=\"ca-pub-2102118777505746\" data-ad-slot=\"6513972734\" data-ad-format=\"auto\" data-full-width-responsive=\"true\"\/>\n<\/div>\n<\/div>\n<div id=\"post-sidebar-wrap\">\n <ins class=\"adsbygoogle c5\" data-ad-client=\"ca-pub-2102118777505746\" data-ad-slot=\"6168283410\" data-ad-format=\"auto\" data-full-width-responsive=\"true\"\/>\n<\/div>\n<p>Auteur: LM<br \/>\n<a href=\"https:\/\/www.tunisienumerique.com\/tunisie-il-est-temps-danticiper-la-flambee-des-prix-pendant-ramadan\/\">Cliquez ici pour lire l&rsquo;article depuis sa source.<\/a><\/p>\n","protected":false},"excerpt":{"rendered":"<p>Par LM \u00a0| Il y a 28 secondes \ud83d\udd0a \u00c9coutez l&rsquo;article Les prix sont, d\u00e9j\u00e0, aujourd\u2019hui, \u00e0 la limite des possibilit\u00e9s des consommateurs. Ils sont assez \u00e9lev\u00e9s, mais, il faut conc\u00e9der que la disponibilit\u00e9 des denr\u00e9es fait que les prix soient plus ou moins maitris\u00e9s. Mais, il n\u2019en sera pas, toujours, ainsi, selon ce que [&hellip;]<\/p>\n","protected":false},"author":1789,"featured_media":0,"comment_status":"closed","ping_status":"closed","sticky":false,"template":"","format":"standard","meta":{"fifu_image_url":"https:\/\/secure.gravatar.com\/avatar\/047123be9d5e8513774383916ee72db2?s=50&d=mm&r=g","fifu_image_alt":"Tunisie \u2013 Il est temps d\u2019anticiper la flamb\u00e9e des prix pendant Ramadan","footnotes":""},"categories":[73,55],"tags":[],"class_list":["post-111399","post","type-post","status-publish","format-standard","hentry","category-actualite","category-tunisie"],"_links":{"self":[{"href":"https:\/\/linitiative.ca\/International\/wp-json\/wp\/v2\/posts\/111399","targetHints":{"allow":["GET"]}}],"collection":[{"href":"https:\/\/linitiative.ca\/International\/wp-json\/wp\/v2\/posts"}],"about":[{"href":"https:\/\/linitiative.ca\/International\/wp-json\/wp\/v2\/types\/post"}],"author":[{"embeddable":true,"href":"https:\/\/linitiative.ca\/International\/wp-json\/wp\/v2\/users\/1789"}],"replies":[{"embeddable":true,"href":"https:\/\/linitiative.ca\/International\/wp-json\/wp\/v2\/comments?post=111399"}],"version-history":[{"count":0,"href":"https:\/\/linitiative.ca\/International\/wp-json\/wp\/v2\/posts\/111399\/revisions"}],"wp:attachment":[{"href":"https:\/\/linitiative.ca\/International\/wp-json\/wp\/v2\/media?parent=111399"}],"wp:term":[{"taxonomy":"category","embeddable":true,"href":"https:\/\/linitiative.ca\/International\/wp-json\/wp\/v2\/categories?post=111399"},{"taxonomy":"post_tag","embeddable":true,"href":"https:\/\/linitiative.ca\/International\/wp-json\/wp\/v2\/tags?post=111399"}],"curies":[{"name":"wp","href":"https:\/\/api.w.org\/{rel}","templated":true}]}}