{"id":111403,"date":"2021-02-16T14:52:09","date_gmt":"2021-02-16T19:52:09","guid":{"rendered":"https:\/\/linitiative.ca\/International\/resurgence-debola-en-guinee-et-en-rdc-la-riposte-doit-etre-generale\/"},"modified":"2021-02-16T14:52:09","modified_gmt":"2021-02-16T19:52:09","slug":"resurgence-debola-en-guinee-et-en-rdc-la-riposte-doit-etre-generale","status":"publish","type":"post","link":"https:\/\/linitiative.ca\/International\/resurgence-debola-en-guinee-et-en-rdc-la-riposte-doit-etre-generale\/","title":{"rendered":"RESURGENCE D\u2019EBOLA EN GUINEE ET EN RDC : La riposte doit \u00eatre g\u00e9n\u00e9rale"},"content":{"rendered":"<p class=\"c4\">La fi\u00e8vre h\u00e9morragique Ebola refait surface en Guin\u00e9e et en RDC, avec ses redoutables et bien connues manifestations de diarrh\u00e9es, de vomissements, de saignements et de fi\u00e8vre.<\/p>\n<p class=\"c4\">En effet, les autorit\u00e9s sanitaires guin\u00e9ennes ont r\u00e9cemment d\u00e9clar\u00e9 le pays en situation d\u2019\u00e9pid\u00e9mie d\u2019Ebola, apr\u00e8s que 7 cas confirm\u00e9s, dont 3 d\u00e9c\u00e8s, ont \u00e9t\u00e9 r\u00e9pertori\u00e9s. En RDC, par contre, les autorit\u00e9s ont annonc\u00e9, le 7 f\u00e9vrier dernier, une r\u00e9surgence du virus dans l\u2019Est du pays, apr\u00e8s analyse d\u2019un \u00e9chantillon de sang d\u2019une femme d\u00e9c\u00e9d\u00e9e, \u00e9pouse d\u2019un survivant de la maladie \u00e0 virus Ebola et ayant pr\u00e9sent\u00e9 les signes typiques de cette tr\u00e8s contagieuse maladie.<\/p>\n<p class=\"c4\">Il n\u2019y a donc pas de doute. Ebola est de retour\u00a0! Du moins, dans ces deux pays qui doivent d\u00e9sormais faire face, non seulement au retour du virus mortel, mais aussi aux contextes tout aussi similaires de turbulences sociopolitiques et de l\u2019\u00e9prouvante r\u00e9silience \u00e0 la pand\u00e9mie de Covid-19.<\/p>\n<p class=\"c4\">Le moins que l\u2019on puisse dire, c\u2019est que cette situation suscite d\u2019\u00e9normes inqui\u00e9tudes quant \u00e0 la possibilit\u00e9 pour ces pays d\u2019endiguer la maladie au plus vite, afin qu\u2019elle ne se propage pas dans les pays, environnants. C\u2019est pourquoi la riposte doit \u00eatre g\u00e9n\u00e9rale.<\/p>\n<p class=\"c4\">En Guin\u00e9e, comme en RDC, les autorit\u00e9s sanitaires semblent avoir pris la mesure de la situation, sous l\u2019assistance technique de l\u2019OMS. Il s\u2019agit pr\u00e9cis\u00e9ment de savoir retracer la cha\u00eene de contamination, afin de mettre les populations indemnes \u00e0 l\u2019abri et de prendre en charge de fa\u00e7on efficace, les personnes contamin\u00e9es.<\/p>\n<p class=\"c4\">Au-del\u00e0 de cette disposition \u00e0 prendre, il faut envisager au plus vite, la vaccination des populations \u00e0 risque. En Guin\u00e9e, les stocks de vaccins disponibles \u00e9tant p\u00e9rim\u00e9s, l\u2019OMS proc\u00e8de actuellement \u00e0 la commande de nouvelles doses.<\/p>\n<p class=\"c4\"><strong>Le simple fait de se laver r\u00e9guli\u00e8rement les mains, peut constituer un des freins \u00e0 la propagation des \u00e9pid\u00e9mies<\/strong><\/p>\n<p class=\"c4\">Cependant, en RDC, il y a \u00a0\u00a0un hic. On ose vraiment esp\u00e9rer que les populations se laisseront facilement administrer les pr\u00e9cieuses doses. En effet, un vaccin produit par le laboratoire am\u00e9ricain <em>Merk,<\/em> avait \u00e9t\u00e9 introduit dans le pays, en 2018, alors que ce vaccin \u00e9tait encore consid\u00e9r\u00e9 comme \u00ab\u00a0<em>exp\u00e9rimental<\/em>\u00a0\u00bb. La cons\u00e9quence est que les populations, refusant d\u2019\u00eatre consid\u00e9r\u00e9es comme des <em>cobayes<\/em>, avaient boud\u00e9 la campagne de vaccination \u00e0 grande \u00e9chelle, organis\u00e9e afin de tenter d\u2019endiguer la propagation du virus, au moment m\u00eame o\u00f9 l\u2019\u00e9pid\u00e9mie \u00e0 virus Ebola s\u00e9vissait dans ce pays depuis un an et avait d\u00e9j\u00e0 fait 2250 morts.<\/p>\n<p class=\"c4\">Tout en esp\u00e9rant que les laboratoires attitr\u00e9s produiront et mettront \u00e0 la disposition des pays concern\u00e9s, des vaccins efficaces et sans danger, les populations devraient comprendre que la vaccination est un \u00e9l\u00e9ment important dans la strat\u00e9gie de lutte contre une \u00e9pid\u00e9mie.<\/p>\n<p class=\"c4\">Au-del\u00e0 des dispositifs sanitaires classiques pour faire face aux \u00e9pid\u00e9mies en Afrique, il existe des pr\u00e9cautions li\u00e9es au mode de vie m\u00eame des populations, dont principalement l\u2019hygi\u00e8ne. Or, on a quelques fois l\u2019impression que les Africains justifient leur manque d\u2019hygi\u00e8ne par leur pauvret\u00e9 ou leur indigence. En ce qui concerne la maladie \u00e0 virus Ebola, tout comme la Covid-19, le simple fait de se laver r\u00e9guli\u00e8rement les mains, peut constituer un des freins \u00e0 la propagation des \u00e9pid\u00e9mies.<\/p>\n<p class=\"c4\"><strong>\u00a0<\/strong><\/p>\n<p class=\"c4\"><strong>Monique NARE<\/strong><\/p>\n<p>Auteur: Le Pays<br \/>\n<a href=\"https:\/\/lepays.bf\/resurgence-debola-en-guinee-et-en-rdc-la-riposte-doit-etre-generale\/\">Cliquez ici pour lire l&rsquo;article depuis sa source.<\/a><\/p>\n","protected":false},"excerpt":{"rendered":"<p>La fi\u00e8vre h\u00e9morragique Ebola refait surface en Guin\u00e9e et en RDC, avec ses redoutables et bien connues manifestations de diarrh\u00e9es, de vomissements, de saignements et de fi\u00e8vre. En effet, les autorit\u00e9s sanitaires guin\u00e9ennes ont r\u00e9cemment d\u00e9clar\u00e9 le pays en situation d\u2019\u00e9pid\u00e9mie d\u2019Ebola, apr\u00e8s que 7 cas confirm\u00e9s, dont 3 d\u00e9c\u00e8s, ont \u00e9t\u00e9 r\u00e9pertori\u00e9s. En RDC, [&hellip;]<\/p>\n","protected":false},"author":1813,"featured_media":0,"comment_status":"closed","ping_status":"closed","sticky":false,"template":"","format":"standard","meta":{"fifu_image_url":"","fifu_image_alt":"","footnotes":""},"categories":[73,81],"tags":[],"class_list":["post-111403","post","type-post","status-publish","format-standard","hentry","category-actualite","category-burkina-faso"],"_links":{"self":[{"href":"https:\/\/linitiative.ca\/International\/wp-json\/wp\/v2\/posts\/111403","targetHints":{"allow":["GET"]}}],"collection":[{"href":"https:\/\/linitiative.ca\/International\/wp-json\/wp\/v2\/posts"}],"about":[{"href":"https:\/\/linitiative.ca\/International\/wp-json\/wp\/v2\/types\/post"}],"author":[{"embeddable":true,"href":"https:\/\/linitiative.ca\/International\/wp-json\/wp\/v2\/users\/1813"}],"replies":[{"embeddable":true,"href":"https:\/\/linitiative.ca\/International\/wp-json\/wp\/v2\/comments?post=111403"}],"version-history":[{"count":0,"href":"https:\/\/linitiative.ca\/International\/wp-json\/wp\/v2\/posts\/111403\/revisions"}],"wp:attachment":[{"href":"https:\/\/linitiative.ca\/International\/wp-json\/wp\/v2\/media?parent=111403"}],"wp:term":[{"taxonomy":"category","embeddable":true,"href":"https:\/\/linitiative.ca\/International\/wp-json\/wp\/v2\/categories?post=111403"},{"taxonomy":"post_tag","embeddable":true,"href":"https:\/\/linitiative.ca\/International\/wp-json\/wp\/v2\/tags?post=111403"}],"curies":[{"name":"wp","href":"https:\/\/api.w.org\/{rel}","templated":true}]}}