{"id":111404,"date":"2021-02-16T14:56:06","date_gmt":"2021-02-16T19:56:06","guid":{"rendered":"https:\/\/linitiative.ca\/International\/sommet-du-g5-sahel-a-ndjamena-pourvu-que-les-recommandations-ne-dorment-pas-dans-les-tiroirs\/"},"modified":"2021-02-16T14:56:06","modified_gmt":"2021-02-16T19:56:06","slug":"sommet-du-g5-sahel-a-ndjamena-pourvu-que-les-recommandations-ne-dorment-pas-dans-les-tiroirs","status":"publish","type":"post","link":"https:\/\/linitiative.ca\/International\/sommet-du-g5-sahel-a-ndjamena-pourvu-que-les-recommandations-ne-dorment-pas-dans-les-tiroirs\/","title":{"rendered":"SOMMET DU G5-SAHEL A N\u2019DJAMENA : Pourvu que les recommandations ne dorment pas dans les tiroirs"},"content":{"rendered":"<p class=\"c4\">Le sommet de N\u2019Djamena, qui r\u00e9unit depuis le 15 f\u00e9vrier dernier, les chefs d\u2019Etat des pays du G5 Sahel, a referm\u00e9 ses portes le 16 f\u00e9vrier 2021, dans la capitale tchadienne. Une r\u00e9union qui se termine sur une note de satisfaction, d\u2019autant qu\u2019outre les recommandations prises, \u00a0le pr\u00e9sident fran\u00e7ais, Emmanuel Macron, a annonc\u00e9 qu\u2019il n\u2019y aura pas de r\u00e9duction des effectifs fran\u00e7ais dans la zone. L\u2019autre annonce forte que l\u2019on retiendra de cette rencontre au sommet des dirigeants de ces pays durement frapp\u00e9s par le terrorisme et faite par l\u2019h\u00f4te de ce sommet, le pr\u00e9sident Idriss D\u00e9by, est l\u2019envoi de 1200 soldats tchadiens dans le \u00ab\u00a0<em>triangle de la mort<\/em>\u00a0\u00bb, aux confins du Mali, du Burkina Faso et du Niger. Une zone\u00a0 clairement identifi\u00e9e, depuis le sommet de Pau, en France, comme le foyer le plus ardent d\u2019activit\u00e9s de l\u2019hydre terroriste qui semble y avoir durablement install\u00e9 ses p\u00e9nates pour mieux s\u00e9vir dans la r\u00e9gion. Il s\u2019agira donc pour les \u00ab\u00a0<em>boys<\/em>\u00a0\u00bb d\u2019Idriss Deby, de ne pas laisser de r\u00e9pit aux mauvais gar\u00e7ons du d\u00e9sert sur le terrain, et de continuer l\u2019\u0153uvre de Barkhane qui songerait \u00e0 se consacrer d\u00e9sormais \u00e0 la chasse au gros gibier en vue de chercher \u00e0 d\u00e9capiter la b\u00eate immonde.<\/p>\n<p class=\"c4\"><strong>On esp\u00e8re que les lignes vont bouger dans le sens d\u2019une meilleure normalisation de la situation<\/strong><\/p>\n<p class=\"c4\">Une nouvelle plut\u00f4t bonne pour les populations du Sahel d\u2019autant que la r\u00e9putation des soldats tchadiens en mati\u00e8re de bravoure dans la traque des terroristes, est loin d\u2019\u00eatre surfaite. Eux qui n\u2019avaient pas h\u00e9sit\u00e9 \u00e0 poursuivre les <em>djihadistes<\/em> maliens jusque dans la forteresse des Ifoghas, au prix de leur sang. C\u2019est pourquoi l\u2019on esp\u00e8re que les lignes vont bouger dans le sens d\u2019une meilleure normalisation de la situation, si cette annonce du chef de l\u2019Etat tchadien est imm\u00e9diatement suivie d\u2019effets sur le terrain. Car, une chose est de prendre une d\u00e9cision, une autre est de la mettre en \u0153uvre. Et g\u00e9n\u00e9ralement, ce ne sont pas les bonnes r\u00e9solutions qui manquent, \u00e0 l\u2019occasion de ces rencontres au sommet entre dirigeants du continent sur des questions br\u00fblantes d\u2019actualit\u00e9. Mais c\u2019est leur mise en \u0153uvre qui pose souvent probl\u00e8me.<\/p>\n<p class=\"c4\">En effet, quand ce n\u2019est pas le nerf de la guerre qui fait d\u00e9faut, ce sont d\u2019autres consid\u00e9rations qui entrent en ligne de compte pour finalement renvoyer aux calendes\u2026 sah\u00e9liennes, la mise en \u0153uvre de recommandations dont l\u2019urgence et la pertinence ne souffrent pourtant g\u00e9n\u00e9ralement pas de d\u00e9bat. En t\u00e9moigne, par exemple, \u00a0l\u2019op\u00e9rationnalisation de la force conjointe du G5 Sahel entre-temps, per\u00e7ue comme la panac\u00e9e, mais qui reste pratiquement toujours cet albatros incapable de prendre convenablement son envol pour casser du terroriste et briser les reins de la b\u00eate immonde, pour le bonheur des populations du Sahel qui continuent de souffrir le martyre des exactions et autres tueries sauvages de la part de ces fauves assoiff\u00e9s de sang. Et dans le cas d\u2019esp\u00e8ce, il faut dire que cette promesse de l\u2019homme fort de N\u2019Djamena n\u2019est pas nouvelle puisqu\u2019elle date du sommet pr\u00e9c\u00e9dent, pour ne jamais conna\u00eetre un d\u00e9but d\u2019application pour les raisons que l\u2019on sait.<\/p>\n<p class=\"c4\"><strong>Il s\u2019agit maintenant de joindre rapidement l\u2019acte \u00e0 la parole<\/strong><\/p>\n<p class=\"c4\">Notamment, un profond d\u00e9saccord entre le Tchad et ses partenaires sur les conditions et les modalit\u00e9s pratiques de ce d\u00e9ploiement, auquel est venu se greffer une menace <em>djihadiste<\/em> de plus en plus pressante dans le bassin du Lac Tchad. Toute chose qui \u00a0obligea le pr\u00e9sident D\u00e9by \u00e0 une op\u00e9ration de \u00ab\u00a0<em>d\u00e9ratisation<\/em>\u00a0\u00bb interne \u00e0 travers une mission \u00a0commando d\u2019envergure. C\u2019est pourquoi l\u2019on esp\u00e8re que les recommandations de ce sommet de N\u2019Djamena, ne vont pas dormir dans les tiroirs. L\u2019espoir serait\u00a0 encore plus permis si les partenaires qui ont promis depuis belle lurette de cracher au bassinet, se d\u00e9cidaient enfin \u00e0 d\u00e9lier les cordons de la bourse pour donner plus de consistance aux ressources additionnelles annonc\u00e9es par l\u2019Alliance Sahel, ce regroupement d\u2019une vingtaine de contributeurs aux projets de d\u00e9veloppement dans la r\u00e9gion, qui \u00ab\u00a0<em>est arriv\u00e9 \u00e0 mobiliser trois milliards d\u2019euros de ressources suppl\u00e9mentaires<\/em>\u00a0\u00bb dont \u00ab<em>\u00a0une partie, \u00e0 peu pr\u00e8s 40%, de ces trois milliards sont d\u00e9j\u00e0 en cours d\u2019ex\u00e9cution\u00a0<\/em>\u00bb, \u00e0 en croire la pr\u00e9sidente de l\u2019Alliance, la ministre espagnole des Affaires \u00e9trang\u00e8res, Arancha Gonzales Laya. C\u2019est dire si \u00e0 la solution militaire, la communaut\u00e9 internationale semble bien d\u00e9cid\u00e9e \u00e0 joindre l\u2019arme du d\u00e9veloppement pour esp\u00e9rer venir \u00e0 bout du terrorisme dans ladite r\u00e9gion. Une solution qui, si elle \u00e9tait bien appliqu\u00e9e, pourrait contribuer \u00e0 couper l\u2019herbe sous les pieds des forces du mal en rendant la jeunesse moins vuln\u00e9rable aux sir\u00e8nes des terroristes, surtout si celle-ci venait \u00e0 trouver son compte dans des occupations saines.\u00a0 C\u2019est dire si la capitale tchadienne valait bien un d\u00e9tour pour l\u2019ensemble des chefs d\u2019Etat du Sahel et leurs partenaires engag\u00e9s dans la lutte contre le terrorisme, au moment o\u00f9 l\u2019araign\u00e9e venimeuse cherche \u00e0 \u00e9tendre sa toile jusqu\u2019aux pays du littoral, pour prendre en \u00e9tau toute la sous-r\u00e9gion ouest-africaine. Il s\u2019agit maintenant de joindre rapidement l\u2019acte \u00e0 la parole, pour \u00e9viter de donner, t\u00f4t ou tard, raison \u00e0 ceux qui pensent que N\u2019Djamena n\u2019aura \u00e9t\u00e9 qu\u2019un sommet de plus.<\/p>\n<p class=\"c4\"><strong><em>\u00ab\u00a0Le Pays\u00a0\u00bb<\/em><\/strong><\/p>\n<p class=\"c4\"><strong>\u00a0<\/strong><\/p>\n<p class=\"c4\"><strong>\u00a0<\/strong><\/p>\n<p>Auteur: Le Pays<br \/>\n<a href=\"https:\/\/lepays.bf\/sommet-du-g5-sahel-a-ndjamena-pourvu-que-les-recommandations-ne-dorment-pas-dans-les-tiroirs\/\">Cliquez ici pour lire l&rsquo;article depuis sa source.<\/a><\/p>\n","protected":false},"excerpt":{"rendered":"<p>Le sommet de N\u2019Djamena, qui r\u00e9unit depuis le 15 f\u00e9vrier dernier, les chefs d\u2019Etat des pays du G5 Sahel, a referm\u00e9 ses portes le 16 f\u00e9vrier 2021, dans la capitale tchadienne. Une r\u00e9union qui se termine sur une note de satisfaction, d\u2019autant qu\u2019outre les recommandations prises, \u00a0le pr\u00e9sident fran\u00e7ais, Emmanuel Macron, a annonc\u00e9 qu\u2019il n\u2019y [&hellip;]<\/p>\n","protected":false},"author":1813,"featured_media":0,"comment_status":"closed","ping_status":"closed","sticky":false,"template":"","format":"standard","meta":{"fifu_image_url":"","fifu_image_alt":"","footnotes":""},"categories":[73,81],"tags":[],"class_list":["post-111404","post","type-post","status-publish","format-standard","hentry","category-actualite","category-burkina-faso"],"_links":{"self":[{"href":"https:\/\/linitiative.ca\/International\/wp-json\/wp\/v2\/posts\/111404","targetHints":{"allow":["GET"]}}],"collection":[{"href":"https:\/\/linitiative.ca\/International\/wp-json\/wp\/v2\/posts"}],"about":[{"href":"https:\/\/linitiative.ca\/International\/wp-json\/wp\/v2\/types\/post"}],"author":[{"embeddable":true,"href":"https:\/\/linitiative.ca\/International\/wp-json\/wp\/v2\/users\/1813"}],"replies":[{"embeddable":true,"href":"https:\/\/linitiative.ca\/International\/wp-json\/wp\/v2\/comments?post=111404"}],"version-history":[{"count":0,"href":"https:\/\/linitiative.ca\/International\/wp-json\/wp\/v2\/posts\/111404\/revisions"}],"wp:attachment":[{"href":"https:\/\/linitiative.ca\/International\/wp-json\/wp\/v2\/media?parent=111404"}],"wp:term":[{"taxonomy":"category","embeddable":true,"href":"https:\/\/linitiative.ca\/International\/wp-json\/wp\/v2\/categories?post=111404"},{"taxonomy":"post_tag","embeddable":true,"href":"https:\/\/linitiative.ca\/International\/wp-json\/wp\/v2\/tags?post=111404"}],"curies":[{"name":"wp","href":"https:\/\/api.w.org\/{rel}","templated":true}]}}