{"id":111407,"date":"2021-02-16T17:25:31","date_gmt":"2021-02-16T22:25:31","guid":{"rendered":"https:\/\/linitiative.ca\/International\/politiques-alimentaires-lagriculture-urbaine-comme-reponse-aux-crises\/"},"modified":"2021-02-16T17:25:31","modified_gmt":"2021-02-16T22:25:31","slug":"politiques-alimentaires-lagriculture-urbaine-comme-reponse-aux-crises","status":"publish","type":"post","link":"https:\/\/linitiative.ca\/International\/politiques-alimentaires-lagriculture-urbaine-comme-reponse-aux-crises\/","title":{"rendered":"Politiques alimentaires: l\u2019agriculture urbaine comme r\u00e9ponse aux crises"},"content":{"rendered":"<div class=\"td-post-featured-image\"><a href=\"https:\/\/www.sidwaya.info\/wp-content\/uploads\/2021\/02\/aliment017.jpg\" data-caption=\"\"><img loading=\"lazy\" decoding=\"async\" width=\"696\" height=\"324\" class=\"entry-thumb td-modal-image\" src=\"https:\/\/www.sidwaya.info\/wp-content\/uploads\/2021\/02\/aliment017-696x324.jpg\" srcset=\"https:\/\/www.sidwaya.info\/wp-content\/uploads\/2021\/02\/aliment017-696x324.jpg 696w, https:\/\/www.sidwaya.info\/wp-content\/uploads\/2021\/02\/aliment017-300x140.jpg 300w, https:\/\/www.sidwaya.info\/wp-content\/uploads\/2021\/02\/aliment017-768x357.jpg 768w, https:\/\/www.sidwaya.info\/wp-content\/uploads\/2021\/02\/aliment017-150x70.jpg 150w, https:\/\/www.sidwaya.info\/wp-content\/uploads\/2021\/02\/aliment017.jpg 894w\" sizes=\"auto, (max-width: 696px) 100vw, 696px\" alt=\"\" title=\"aliment017\"\/><\/a><\/div>\n<p><strong>Il se tient, du 15 au 18 f\u00e9vrier 2021 \u00e0 Ouagadougou, la IVe \u00e9dition du forum r\u00e9gional du Pacte de Milan (ville italienne) alimentaires (MUFPP). L\u2019ouverture des travaux est intervenue, le mardi 16 f\u00e9vrier sous le parrainage du ministre de l\u2019Agriculture, des Am\u00e9nagements hydro-agricoles et de la M\u00e9canisation, Salifou Ou\u00e9draogo.<\/strong><\/p>\n<p>Ouagadougou, la capitale du Burkina Faso, cro\u00eet au rythme de 4,4% par an sur le plan d\u00e9mographique. Cela repr\u00e9sente selon, le maire Pierre Armand B\u00e9ouind\u00e9, environ 200 000 nouveaux citadins de plus \u00e0 nourrir chaque ann\u00e9e. \u00ab Sachant que d\u2019ici 2050, plus de la moiti\u00e9 des Burkinab\u00e8 vivront dans les villes, la question d\u2019une alimentation saine, de qualit\u00e9, en quantit\u00e9 suffisante et accessible pour tous les citadins se pose avec acuit\u00e9\u00bb, a-t-il interpell\u00e9. D\u2019o\u00f9 la tenue, du 15 au 18 f\u00e9vrier 2021 \u00e0 Ouagadougou, de la IVe \u00e9dition du forum r\u00e9gional du Pacte de Milan (ville italienne) sur les politiques alimentaires(MUFPP). Le forum est organis\u00e9 sous le th\u00e8me : \u00abR\u00e9flexion sur les r\u00e9ponses aux crises : COVID-19, inondation, ou comment les villes assurent une alimentation aux populations pendant les crises\u00bb. Il a pour objectifs de renforcer le r\u00e9seau des villes africaines du MUFPP, d\u2019\u00e9changer les exp\u00e9riences et les bonnes pratiques entre les villes et de r\u00e9fl\u00e9chir et discuter sur des th\u00e8mes sp\u00e9cifiques. A l\u2019ouverture des travaux, le bourgmestre de la capitale a rappel\u00e9 que sa ville a une longue histoire li\u00e9e \u00e0 l\u2019agriculture. Depuis les ann\u00e9es 1930, a-t-il indiqu\u00e9, elle se pratique aux abords des points d\u2019eau et aujourd\u2019hui, gr\u00e2ce \u00e0 des p\u00e9rim\u00e8tres mara\u00eechers am\u00e9nag\u00e9s, elle peut \u00eatre pratiqu\u00e9e toute l\u2019ann\u00e9e. M. B\u00e9ouind\u00e9 a signifi\u00e9, que malgr\u00e9 la mise en place de nombreux projets en vue de montrer l\u2019engagement de la commune de Ouagadougou envers une alimentation urbaine de qualit\u00e9, les questions de s\u00e9curisation des espaces agricoles est d\u2019actualit\u00e9 dans le d\u00e9sormais territoire du \u00ab Grand Ouaga \u00bb o\u00f9 la pression fonci\u00e8re est tr\u00e8s grande. \u00ab Ces questions n\u00e9cessitent invariablement des concertations multi-acteurs avec les minist\u00e8res de l\u2019Agriculture, de l\u2019Urbanisme et de la Sant\u00e9 au regard de l\u2019importance que rev\u00eat la question de la saine alimentation \u00bb, a d\u00e9clar\u00e9 le maire de la capitale. Qu\u2019\u00e0 cela ne tienne, il a fait cas du projet \u00ab Ensemble, bouclons la ceinture verte de Ouagadougou \u00bb, une initiative participative impliquant les entreprises citoyennes qui s\u2019engagent \u00e0 reboiser un hectare de for\u00eat par an. Pour la repr\u00e9sentante pays de l\u2019ONG ACRA, Katelyn Ruisma, la s\u00e9curit\u00e9 alimentaire est un sujet souvent oubli\u00e9 en parlant des villes.<\/p>\n<p>Les ressources alimentaires limit\u00e9es<\/p>\n<p>Pourtant, le taux d\u2019urbanisation sur le continent africain ne fait qu\u2019augmenter la pression sur les ressources alimentaires d\u00e9j\u00e0 limit\u00e9es dans les centres urbains.<br \/>A son avis, l\u2019exploitation de la ceinture verte pour la culture mara\u00eech\u00e8re et la plantation d\u2019arbres fruitiers est une initiative \u00e0 saluer, en ce sens qu\u2019elle permettra de r\u00e9pondre aux besoins croissants de la population de la ville. \u00ab J\u2019esp\u00e8re que ce forum permettra \u00e0 la ville de Ouagadougou d\u2019apprendre de bonnes pratiques aux autres villes participantes\u00bb, a-t-elle souhait\u00e9.<br \/>Quant au ministre de l\u2019Agriculture, des Am\u00e9nagements hydro-agricoles et de la M\u00e9canisation, Salifou Ou\u00e9draogo, par ailleurs parrain de la c\u00e9r\u00e9monie, il a rappel\u00e9 que l\u2019agriculture urbaine est non seulement une opportunit\u00e9, mais une n\u00e9cessit\u00e9 pour nourrir des populations, offrir des emplois, g\u00e9n\u00e9rer une \u00e9conomie verte et prosp\u00e8re. \u00ab Le MUFPP, \u00e0 travers ses axes de gouvernance alimentaire locale et d\u2019appui \u00e0 la production alimentaire, r\u00e9pond aux objectifs du Plan national de d\u00e9veloppement \u00e9conomique et social, notamment \u00e0 son axe 3 portant sur la dynamisation des secteurs porteurs de l\u2019\u00e9conomie et des emplois dans le volet<br \/>agricole\u00bb, a expliqu\u00e9 le ministre. Se r\u00e9f\u00e9rant au th\u00e8me du forum, il a soulign\u00e9 que les villes ont souffert des pressions conjoncturelles qui se sont exerc\u00e9es sur les syst\u00e8mes alimentaires au plus fort de la crise sanitaire. Mais avec preuve de r\u00e9silience, elles se sont adapt\u00e9es \u00e0 leurs habitudes en se tournant vers la consommation locale. Afin de poursuivre cette r\u00e9silience, le ministre Ou\u00e9draogo a dit que son d\u00e9partement va accompagner les communes \u00e0 relever les d\u00e9fis li\u00e9s \u00e0 l\u2019agriculture urbaine, afin d\u2019en faire un secteur d\u2019activit\u00e9s p\u00e9rennes pour la production alimentaire et la cr\u00e9ation d\u2019emplois d\u00e9cents dans les villes du Burkina Faso. L\u2019ambassadeur d\u2019Italie au Burkina Faso, Andrea Romussi, a, pour sa part rassur\u00e9 de sa disponibilit\u00e9 \u00e0 accompagner ce forum dont l\u2019importance, selon lui, n\u2019est plus \u00e0 d\u00e9montrer. En rappel, le MUFPP est un texte qui exprime une volont\u00e9 politique claire d\u2019aller vers des syst\u00e8mes territoriaux durables et donne des solutions concr\u00e8tes pour y parvenir. Il a \u00e9t\u00e9 sign\u00e9 le 15 octobre 2015 \u00e0 Milan et compte 184 villes signataires dans le monde. Au forum de Ouagadougou, ils sont une centaine de participants repr\u00e9sentant des villes d\u2019Afrique et d\u2019Europe.<\/p>\n<p>Pat\u00e9n\u00e9ma Oumar<br \/>OUEDRAOGO<\/p>\n<div class=\"td-a-rec td-a-rec-id-content_bottom tdi_33_e11 td_block_template_1\">\n<p><img loading=\"lazy\" decoding=\"async\" class=\"aligncenter size-full wp-image-27454\" src=\"https:\/\/www.sidwaya.info\/wp-content\/uploads\/2020\/10\/PUB-Bandeau-paiement-mobile-siteweb.jpg\" alt=\"\" width=\"728\" height=\"90\"\/><\/div>\n<p>Auteur: BM. Sidwaya<br \/>\n<a href=\"https:\/\/www.sidwaya.info\/blog\/2021\/02\/16\/politiques-alimentaires-lagriculture-urbaine-comme-reponse-aux-crises\/\">Cliquez ici pour lire l&rsquo;article depuis sa source.<\/a><\/p>\n","protected":false},"excerpt":{"rendered":"<p>Il se tient, du 15 au 18 f\u00e9vrier 2021 \u00e0 Ouagadougou, la IVe \u00e9dition du forum r\u00e9gional du Pacte de Milan (ville italienne) alimentaires (MUFPP). L\u2019ouverture des travaux est intervenue, le mardi 16 f\u00e9vrier sous le parrainage du ministre de l\u2019Agriculture, des Am\u00e9nagements hydro-agricoles et de la M\u00e9canisation, Salifou Ou\u00e9draogo. Ouagadougou, la capitale du Burkina [&hellip;]<\/p>\n","protected":false},"author":1816,"featured_media":0,"comment_status":"closed","ping_status":"closed","sticky":false,"template":"","format":"standard","meta":{"fifu_image_url":"https:\/\/www.sidwaya.info\/wp-content\/uploads\/2021\/02\/aliment017-696x324.jpg","fifu_image_alt":"Politiques alimentaires: l\u2019agriculture urbaine comme r\u00e9ponse aux crises","footnotes":""},"categories":[73,81],"tags":[],"class_list":["post-111407","post","type-post","status-publish","format-standard","hentry","category-actualite","category-burkina-faso"],"_links":{"self":[{"href":"https:\/\/linitiative.ca\/International\/wp-json\/wp\/v2\/posts\/111407","targetHints":{"allow":["GET"]}}],"collection":[{"href":"https:\/\/linitiative.ca\/International\/wp-json\/wp\/v2\/posts"}],"about":[{"href":"https:\/\/linitiative.ca\/International\/wp-json\/wp\/v2\/types\/post"}],"author":[{"embeddable":true,"href":"https:\/\/linitiative.ca\/International\/wp-json\/wp\/v2\/users\/1816"}],"replies":[{"embeddable":true,"href":"https:\/\/linitiative.ca\/International\/wp-json\/wp\/v2\/comments?post=111407"}],"version-history":[{"count":0,"href":"https:\/\/linitiative.ca\/International\/wp-json\/wp\/v2\/posts\/111407\/revisions"}],"wp:attachment":[{"href":"https:\/\/linitiative.ca\/International\/wp-json\/wp\/v2\/media?parent=111407"}],"wp:term":[{"taxonomy":"category","embeddable":true,"href":"https:\/\/linitiative.ca\/International\/wp-json\/wp\/v2\/categories?post=111407"},{"taxonomy":"post_tag","embeddable":true,"href":"https:\/\/linitiative.ca\/International\/wp-json\/wp\/v2\/tags?post=111407"}],"curies":[{"name":"wp","href":"https:\/\/api.w.org\/{rel}","templated":true}]}}