{"id":111409,"date":"2021-02-16T17:31:58","date_gmt":"2021-02-16T22:31:58","guid":{"rendered":"https:\/\/linitiative.ca\/International\/de-la-limitation-des-partis-politiques\/"},"modified":"2021-02-16T17:31:58","modified_gmt":"2021-02-16T22:31:58","slug":"de-la-limitation-des-partis-politiques","status":"publish","type":"post","link":"https:\/\/linitiative.ca\/International\/de-la-limitation-des-partis-politiques\/","title":{"rendered":"De la limitation des partis politiques"},"content":{"rendered":"<div class=\"td-post-featured-image\"><a href=\"https:\/\/www.sidwaya.info\/wp-content\/uploads\/2021\/02\/Mercuresid017.jpg\" data-caption=\"\"><img loading=\"lazy\" decoding=\"async\" width=\"395\" height=\"147\" class=\"entry-thumb td-modal-image\" src=\"https:\/\/www.sidwaya.info\/wp-content\/uploads\/2021\/02\/Mercuresid017.jpg\" srcset=\"https:\/\/www.sidwaya.info\/wp-content\/uploads\/2021\/02\/Mercuresid017.jpg 395w, https:\/\/www.sidwaya.info\/wp-content\/uploads\/2021\/02\/Mercuresid017-300x112.jpg 300w, https:\/\/www.sidwaya.info\/wp-content\/uploads\/2021\/02\/Mercuresid017-150x56.jpg 150w\" sizes=\"auto, (max-width: 395px) 100vw, 395px\" alt=\"\" title=\"Mercuresid017\"\/><\/a><\/div>\n<p>Alors qu\u2019on le pensait obsol\u00e8te, le d\u00e9bat sur la limitation des partis et formations politiques au Burkina Faso a refait surface, ces derniers temps. Politologues, journalistes et autres observateurs de la sc\u00e8ne politique nationale se sont saisis de la question apr\u00e8s que le pr\u00e9sident de l\u2019Assembl\u00e9e Nationale, Alassane Bala Sakand\u00e9 a \u00e9mis l\u2019id\u00e9e, \u00e0 l\u2019occasion de la D\u00e9claration de politique g\u00e9n\u00e9rale (DPG) du Premier ministre, de limiter le nombre de partis politique dans le pays, au regard de la pl\u00e9thore. Si le sujet pr\u00e9occupe au point de cristalliser et de focaliser l\u2019attention de nombre d\u2019analystes, c\u2019est qu\u2019il m\u00e9rite d\u2019\u00eatre pass\u00e9 au crible afin d\u2019en d\u00e9terminer les tenants et aboutissants.<br \/>En effet, le vent d\u00e9mocratique qui a souffl\u00e9 sur plusieurs pays d\u2019Afrique, avec l\u2019av\u00e8nement du multipartisme, a vu la cr\u00e9ation d\u2019une flop\u00e9e de partis. Ce qui traduit ainsi la vitalit\u00e9 des d\u00e9mocraties naissantes et d\u2019une libert\u00e9 d\u2019expression favorable \u00e0 toutes initiatives. Mais ce foisonnement des partis et formations politiques qui nous est donn\u00e9 de voir actuellement refl\u00e8te-t-il cette r\u00e9alit\u00e9 ? Cette interrogation pourrait, de prime abord, \u00eatre per\u00e7ue comme banale, mais \u00e0 y voir de pr\u00e8s, le constat est tout autre. Car, toute proportion gard\u00e9e, le nombre de partis au Burkina n\u2019indique pas forc\u00e9ment, que le pays conna\u00eet des avanc\u00e9es d\u00e9mocratiques plus que les autres Etats africains. Mais plut\u00f4t, \u00e0 la limite, que le choix du peuple n\u2019est aucun\u00e9ment guid\u00e9 par une id\u00e9ologie, mais par des crit\u00e8res autres que politiques. Cr\u00e9er un parti politique sous nos cieux, disons-le, s\u2019apparente \u00e0 une course effr\u00e9n\u00e9e \u00e0 laquelle se livrent bien des personnes. Quelles sont les motivations r\u00e9elles de certains responsables \u00e0 se lancer dans le jeu ? Sont-ils tous attach\u00e9s r\u00e9ellement \u00e0 la gestion de la chose publique ? Rien n\u2019est moins s\u00fbr. En effet, le constat est qu\u2019il existe, \u00e0 l\u2019heure actuelle, une panoplie de partis et formations politiques. 152 partis politiques, 6 formations politiques et 30 regroupements d\u2019ind\u00e9pendants, l\u00e9galement constitu\u00e9s, ont \u00e9t\u00e9 reconnus par les services du minist\u00e8re en charge de l\u2019administration territoriale, en 2020, lesquels ont \u00e9t\u00e9 autoris\u00e9s \u00e0 prendre part au double scrutin du 22 novembre dernier. Et dans ce landernau politique, on en trouve de tout acabit, sans r\u00e9elle orientation id\u00e9ologique. Le nombre de partis est excessif, estiment les plus sceptiques, pour un pays comme le Burkina. Le mot n\u2019est pas de trop.<br \/>A quoi sert un parti qui, pendant plus d\u2019un an, ne peut m\u00eame pas ameuter les journalistes pour une simple conf\u00e9rence de presse ou, bien plus se conformer aux lois en vigueur ? Autant dire qu\u2019il y a une part d\u2019exag\u00e9ration, voire un manque de conviction chez certains initiateurs. C\u2019est d\u2019ailleurs sans doute pour cela, que le d\u00e9bat sur la kyrielle des partis politiques dans notre jeune d\u00e9mocratie a \u00e9t\u00e9 relanc\u00e9 aux fins d\u2019en discourir sans passion. Ce, dans l\u2019optique d\u2019en d\u00e9celer les v\u00e9ritables mobiles et de proposer des solutions susceptibles de freiner le ph\u00e9nom\u00e8ne. Car, la multiplicit\u00e9 de partis ne sert pas forc\u00e9ment la d\u00e9mocratie. Mais, l\u00e0 o\u00f9 le b\u00e2t blesse, c\u2019est comment limiter leur nombre sans remettre en cause fondamentalement les prescriptions constitutionnelles. Certes, on ne peut pas emp\u00eacher la cr\u00e9ation de partis, mais il faut mettre des garde-fous ou instaurer des crit\u00e8res pour annihiler toute l\u00e9g\u00e8ret\u00e9.<br \/>Pour beaucoup, la proposition de revoir le financement des partis politiques peut \u00eatre une solution. Mais l\u00e0 encore, la question est de savoir comment parvenir par ce fait \u00e0 \u00ab assainir cette classe politique \u00bb sans verser dans la ploutocratie ? C\u2019est donc dire, que la probl\u00e9matique de la limitation des partis est coriace, car renfermant beaucoup d\u2019implications. Les \u00e9lucubrations sur le sujet valent donc leur pesant d\u2019or. Au demeurant, il faudrait s\u2019accorder sur la bonne m\u00e9thode qui sied, tout en pla\u00e7ant l\u2019int\u00e9r\u00eat g\u00e9n\u00e9ral du pays au-dessus de tous les \u00e9go. Gageons dans cette dynamique que les d\u00e9bats et prises de positions tous azimuts sur la limitation des partis politiques servent de tremplin, pour trouver un modus vivendi qui renforce davantage les socles de notre d\u00e9mocratie en construction.<\/p>\n<p>Souma\u00efla BONKOUNGOU<\/p>\n<div class=\"td-a-rec td-a-rec-id-content_bottom tdi_33_526 td_block_template_1\">\n<p><img loading=\"lazy\" decoding=\"async\" class=\"aligncenter size-full wp-image-27454\" src=\"https:\/\/www.sidwaya.info\/wp-content\/uploads\/2020\/10\/PUB-Bandeau-paiement-mobile-siteweb.jpg\" alt=\"\" width=\"728\" height=\"90\"\/><\/div>\n<p>Auteur: BM. Sidwaya<br \/>\n<a href=\"https:\/\/www.sidwaya.info\/blog\/2021\/02\/16\/de-la-limitation-des-partis-politiques\/\">Cliquez ici pour lire l&rsquo;article depuis sa source.<\/a><\/p>\n","protected":false},"excerpt":{"rendered":"<p>Alors qu\u2019on le pensait obsol\u00e8te, le d\u00e9bat sur la limitation des partis et formations politiques au Burkina Faso a refait surface, ces derniers temps. Politologues, journalistes et autres observateurs de la sc\u00e8ne politique nationale se sont saisis de la question apr\u00e8s que le pr\u00e9sident de l\u2019Assembl\u00e9e Nationale, Alassane Bala Sakand\u00e9 a \u00e9mis l\u2019id\u00e9e, \u00e0 l\u2019occasion [&hellip;]<\/p>\n","protected":false},"author":1816,"featured_media":0,"comment_status":"closed","ping_status":"closed","sticky":false,"template":"","format":"standard","meta":{"fifu_image_url":"https:\/\/www.sidwaya.info\/wp-content\/uploads\/2021\/02\/Mercuresid017.jpg","fifu_image_alt":"De la limitation des partis politiques","footnotes":""},"categories":[73,81],"tags":[],"class_list":["post-111409","post","type-post","status-publish","format-standard","hentry","category-actualite","category-burkina-faso"],"_links":{"self":[{"href":"https:\/\/linitiative.ca\/International\/wp-json\/wp\/v2\/posts\/111409","targetHints":{"allow":["GET"]}}],"collection":[{"href":"https:\/\/linitiative.ca\/International\/wp-json\/wp\/v2\/posts"}],"about":[{"href":"https:\/\/linitiative.ca\/International\/wp-json\/wp\/v2\/types\/post"}],"author":[{"embeddable":true,"href":"https:\/\/linitiative.ca\/International\/wp-json\/wp\/v2\/users\/1816"}],"replies":[{"embeddable":true,"href":"https:\/\/linitiative.ca\/International\/wp-json\/wp\/v2\/comments?post=111409"}],"version-history":[{"count":0,"href":"https:\/\/linitiative.ca\/International\/wp-json\/wp\/v2\/posts\/111409\/revisions"}],"wp:attachment":[{"href":"https:\/\/linitiative.ca\/International\/wp-json\/wp\/v2\/media?parent=111409"}],"wp:term":[{"taxonomy":"category","embeddable":true,"href":"https:\/\/linitiative.ca\/International\/wp-json\/wp\/v2\/categories?post=111409"},{"taxonomy":"post_tag","embeddable":true,"href":"https:\/\/linitiative.ca\/International\/wp-json\/wp\/v2\/tags?post=111409"}],"curies":[{"name":"wp","href":"https:\/\/api.w.org\/{rel}","templated":true}]}}