{"id":111410,"date":"2021-02-16T11:18:02","date_gmt":"2021-02-16T16:18:02","guid":{"rendered":"https:\/\/linitiative.ca\/International\/covid-19-lafrique-du-sud-se-tourne-vers-le-vaccin-johnson-johnson\/"},"modified":"2021-02-16T11:18:02","modified_gmt":"2021-02-16T16:18:02","slug":"covid-19-lafrique-du-sud-se-tourne-vers-le-vaccin-johnson-johnson","status":"publish","type":"post","link":"https:\/\/linitiative.ca\/International\/covid-19-lafrique-du-sud-se-tourne-vers-le-vaccin-johnson-johnson\/","title":{"rendered":"Covid-19 : l\u2019Afrique du Sud se tourne vers le vaccin Johnson &amp; Johnson"},"content":{"rendered":"<div readability=\"32\">\n<p>Publi\u00e9 le 16.02.2021 \u00e0 17h18 par APA News<\/p>\n<\/div>\n<div readability=\"61\">\n<p>Face \u00e0 l\u2019inefficacit\u00e9 du vaccin AstraZeneca, l\u2019Afrique du Sud se tourne vers le vaccin am\u00e9ricain Johnson &amp; Johnson.L\u2019Afrique du Sud, qui a suspendu l\u2019utilisation des vaccins contre le coronavirus AstraZeneca en raison de leur faible efficacit\u00e9 contre une variante mutante identifi\u00e9e pour la premi\u00e8re fois dans le pays, a acquis les doses de Johnson &amp; Johnson pour vacciner ses agents de sant\u00e9 \u00e0 partir de cette semaine, a confirm\u00e9 mardi l\u2019Association m\u00e9dicale sud-africaine (SAMA).<\/p>\n<p>Le vaccin J&amp;J, qui aurait une meilleure efficacit\u00e9 \u00e0 85% contre la variante sud-africaine, sera lanc\u00e9 mercredi dans divers h\u00f4pitaux et cliniques dans le cadre de l\u2019exercice initial visant \u00e0 renforcer les travailleurs de premi\u00e8re ligne du pays, a d\u00e9clar\u00e9 la SAMA.<\/p>\n<p>Selon l\u2019association, les deux tiers du vaccin J&amp;J seront mis \u00e0 la disposition des h\u00f4pitaux du secteur public, tandis que le reste sera fourni aux cliniques priv\u00e9es.<\/p>\n<p>L\u2019Afrique du Sud a d\u00e9cid\u00e9 de vacciner d\u2019abord les travailleurs de la sant\u00e9 avant le reste de la population, a d\u00e9clar\u00e9 le ministre de la Sant\u00e9 Zweli Mkhize.<\/p>\n<p>Quant au vaccin AstraZeneca suspendu, Pretoria a d\u00e9cid\u00e9 de partager son million de doses avec les autres \u00c9tats membres de l\u2019Union africaine, a indiqu\u00e9 mardi un rapport de presse citant un responsable du minist\u00e8re de la Sant\u00e9.<\/p>\n<\/div>\n<p>Auteur: APA News<br \/>\n<a href=\"https:\/\/www.journalducameroun.com\/covid-19-lafrique-du-sud-se-tourne-vers-le-vaccin-johnson-johnson\/\">Cliquez ici pour lire l&rsquo;article depuis sa source.<\/a><\/p>\n","protected":false},"excerpt":{"rendered":"<p>Publi\u00e9 le 16.02.2021 \u00e0 17h18 par APA News Face \u00e0 l\u2019inefficacit\u00e9 du vaccin AstraZeneca, l\u2019Afrique du Sud se tourne vers le vaccin am\u00e9ricain Johnson &amp; Johnson.L\u2019Afrique du Sud, qui a suspendu l\u2019utilisation des vaccins contre le coronavirus AstraZeneca en raison de leur faible efficacit\u00e9 contre une variante mutante identifi\u00e9e pour la premi\u00e8re fois dans le [&hellip;]<\/p>\n","protected":false},"author":1965,"featured_media":0,"comment_status":"closed","ping_status":"closed","sticky":false,"template":"","format":"standard","meta":{"fifu_image_url":"","fifu_image_alt":"","footnotes":""},"categories":[73,82],"tags":[],"class_list":["post-111410","post","type-post","status-publish","format-standard","hentry","category-actualite","category-cameroun"],"_links":{"self":[{"href":"https:\/\/linitiative.ca\/International\/wp-json\/wp\/v2\/posts\/111410","targetHints":{"allow":["GET"]}}],"collection":[{"href":"https:\/\/linitiative.ca\/International\/wp-json\/wp\/v2\/posts"}],"about":[{"href":"https:\/\/linitiative.ca\/International\/wp-json\/wp\/v2\/types\/post"}],"author":[{"embeddable":true,"href":"https:\/\/linitiative.ca\/International\/wp-json\/wp\/v2\/users\/1965"}],"replies":[{"embeddable":true,"href":"https:\/\/linitiative.ca\/International\/wp-json\/wp\/v2\/comments?post=111410"}],"version-history":[{"count":0,"href":"https:\/\/linitiative.ca\/International\/wp-json\/wp\/v2\/posts\/111410\/revisions"}],"wp:attachment":[{"href":"https:\/\/linitiative.ca\/International\/wp-json\/wp\/v2\/media?parent=111410"}],"wp:term":[{"taxonomy":"category","embeddable":true,"href":"https:\/\/linitiative.ca\/International\/wp-json\/wp\/v2\/categories?post=111410"},{"taxonomy":"post_tag","embeddable":true,"href":"https:\/\/linitiative.ca\/International\/wp-json\/wp\/v2\/tags?post=111410"}],"curies":[{"name":"wp","href":"https:\/\/api.w.org\/{rel}","templated":true}]}}