{"id":111413,"date":"2021-02-16T16:18:02","date_gmt":"2021-02-16T21:18:02","guid":{"rendered":"https:\/\/linitiative.ca\/International\/sahel-macron-annonce-le-maintien-des-forces-francaises\/"},"modified":"2021-02-16T16:18:02","modified_gmt":"2021-02-16T21:18:02","slug":"sahel-macron-annonce-le-maintien-des-forces-francaises","status":"publish","type":"post","link":"https:\/\/linitiative.ca\/International\/sahel-macron-annonce-le-maintien-des-forces-francaises\/","title":{"rendered":"Sahel: Macron annonce le maintien des forces fran\u00e7aises"},"content":{"rendered":"<div readability=\"32\">\n<p>Publi\u00e9 le 16.02.2021 \u00e0 22h18 par APA News<\/p>\n<\/div>\n<div readability=\"92\">\n<p>Pour Emmanuel Macron, un retrait pr\u00e9matur\u00e9 des troupes fran\u00e7aises du Sahel \u00ab serait une erreur \u00bb.Une \u00e9ventuelle baisse des troupes fran\u00e7aises au Sahel \u00e9tait r\u00e9cemment sur toutes les l\u00e8vres. \u00c7a ne sera pas le cas. Le pr\u00e9sident fran\u00e7ais Emmanuel Macron a annonc\u00e9, mardi \u00e0 Ndjamena (Tchad), lors du sommet G5 Sahel, que \u00ab la France<br \/>ne r\u00e9duirait pas\u00a0dans l\u2019imm\u00e9diat \u00bb ses effectifs militaires dans la r\u00e9gion.\u00a0<\/p>\n<p>Lors de son intervention par visioconf\u00e9rence depuis Paris, le locataire de l\u2019Elys\u00e9e a toutefois soulign\u00e9 que \u00ab des \u00e9volutions sans doute significatives seront apport\u00e9es \u00e0 notre dispositif militaire au Sahel en temps voulu (\u2026) \u00bb, ajoutant qu\u2019\u00ab il<br \/>serait paradoxal d\u2019affaiblir notre dispositif au moment o\u00f9 nous disposons d\u2019un alignement politique et militaire favorable \u00e0 la r\u00e9alisation de nos objectifs \u00bb.<\/p>\n<p>D\u2019ailleurs il a promis une \u00ab action renforc\u00e9e \u00bb pour \u00ab essayer d\u2019aller d\u00e9capiter \u00bb les organisations terroristes.Car m\u00eame si de \u00ab v\u00e9ritables r\u00e9sultats ont \u00e9t\u00e9 obtenus dans la zone des trois fronti\u00e8res \u00bb, entre le Mali, le Niger et le Burkina Faso, et le principal groupe vis\u00e9, l\u2019organisation \u00c9tat islamique au grand Sahara (EIGS), \u00ab a perdu son emprise et subit de nombreuses pertes \u00bb, les organisations terroristes y sont toujours tr\u00e8s actives.\u00a0<\/p>\n<p>Emmanuel Macron a par la m\u00eame occasion salu\u00e9 la d\u00e9cision du pr\u00e9sident tchadien Idriss D\u00e9by Itno d\u2019envoyer 1200 soldats dans la zone des trois fronti\u00e8res. \u00ab Une d\u00e9cision forte et courageuse qui viendra conforter la force du G5 Sahel \u00bb, a-t-il indiqu\u00e9.\u00a0<\/p>\n<p>De m\u00eame, il a remerci\u00e9 les pays europ\u00e9ens et les autres partenaires internationaux participant au nouveau groupement de forces sp\u00e9ciales Takuba, \u00ab qui acceptent ainsi de mutualiser le risque du sacrifice ultime que prennent nos soldats \u00bb.\u00a0<\/p>\n<p>Pour venir \u00e0 bout des groupes jihadistes, l\u2019action militaire devra \u00eatre conjugu\u00e9e avec celle du d\u00e9veloppement. C\u2019est pourquoi Emmanuel Macron a invit\u00e9 ses homologues du G5 Sahel \u00e0 \u00ab donner une perspective aux populations du Sahel \u00bb, un \u00ab deuxi\u00e8me sursaut : celui du retour de la s\u00e9curit\u00e9 et des services aux populations \u00bb et \u00ab une impulsion au plus niveau de l\u2019\u00c9tat \u00bb pour r\u00e9investir les territoires d\u00e9laiss\u00e9s de la r\u00e9gion.<\/p>\n<p>Dans cette perspective, chacun des pays membres du G5 Sahel a sign\u00e9 une convention de financement avec le Fonds international de d\u00e9veloppement agricole (Fida).<\/p>\n<p>Au cours du sommet de Ndjamena, le Tchad a par ailleurs \u00e9t\u00e9 d\u00e9sign\u00e9 pour assurer, pour la deuxi\u00e8me fois, la pr\u00e9sidence tournante du G5 Sahel. Djimet Adoum du m\u00eame pays a en outre \u00e9t\u00e9 nomm\u00e9 nouveau haut repr\u00e9sentant de la Coalition pour le Sahel.<\/p>\n<p>\u00ab Nous avons beaucoup parl\u00e9 au cours de ces rencontres de N\u2019Djamena et nous savons tous ce qui nous attend : l\u2019action et le concret \u00bb, a \u00e9crit sur son compte Twitter le pr\u00e9sident tchadien, Idriss D\u00e9by Itno.<\/p>\n<\/div>\n<p>Auteur: APA News<br \/>\n<a href=\"https:\/\/www.journalducameroun.com\/sahel-macron-annonce-le-maintien-des-forces-francaises\/\">Cliquez ici pour lire l&rsquo;article depuis sa source.<\/a><\/p>\n","protected":false},"excerpt":{"rendered":"<p>Publi\u00e9 le 16.02.2021 \u00e0 22h18 par APA News Pour Emmanuel Macron, un retrait pr\u00e9matur\u00e9 des troupes fran\u00e7aises du Sahel \u00ab serait une erreur \u00bb.Une \u00e9ventuelle baisse des troupes fran\u00e7aises au Sahel \u00e9tait r\u00e9cemment sur toutes les l\u00e8vres. \u00c7a ne sera pas le cas. Le pr\u00e9sident fran\u00e7ais Emmanuel Macron a annonc\u00e9, mardi \u00e0 Ndjamena (Tchad), lors [&hellip;]<\/p>\n","protected":false},"author":1965,"featured_media":0,"comment_status":"closed","ping_status":"closed","sticky":false,"template":"","format":"standard","meta":{"fifu_image_url":"","fifu_image_alt":"","footnotes":""},"categories":[73,82],"tags":[],"class_list":["post-111413","post","type-post","status-publish","format-standard","hentry","category-actualite","category-cameroun"],"_links":{"self":[{"href":"https:\/\/linitiative.ca\/International\/wp-json\/wp\/v2\/posts\/111413","targetHints":{"allow":["GET"]}}],"collection":[{"href":"https:\/\/linitiative.ca\/International\/wp-json\/wp\/v2\/posts"}],"about":[{"href":"https:\/\/linitiative.ca\/International\/wp-json\/wp\/v2\/types\/post"}],"author":[{"embeddable":true,"href":"https:\/\/linitiative.ca\/International\/wp-json\/wp\/v2\/users\/1965"}],"replies":[{"embeddable":true,"href":"https:\/\/linitiative.ca\/International\/wp-json\/wp\/v2\/comments?post=111413"}],"version-history":[{"count":0,"href":"https:\/\/linitiative.ca\/International\/wp-json\/wp\/v2\/posts\/111413\/revisions"}],"wp:attachment":[{"href":"https:\/\/linitiative.ca\/International\/wp-json\/wp\/v2\/media?parent=111413"}],"wp:term":[{"taxonomy":"category","embeddable":true,"href":"https:\/\/linitiative.ca\/International\/wp-json\/wp\/v2\/categories?post=111413"},{"taxonomy":"post_tag","embeddable":true,"href":"https:\/\/linitiative.ca\/International\/wp-json\/wp\/v2\/tags?post=111413"}],"curies":[{"name":"wp","href":"https:\/\/api.w.org\/{rel}","templated":true}]}}