{"id":111415,"date":"2021-02-16T11:22:34","date_gmt":"2021-02-16T16:22:34","guid":{"rendered":"https:\/\/linitiative.ca\/International\/loi-de-finances-2021-le-directeur-general-des-impots-presente-les-reformes-fiscales\/"},"modified":"2021-02-16T11:22:34","modified_gmt":"2021-02-16T16:22:34","slug":"loi-de-finances-2021-le-directeur-general-des-impots-presente-les-reformes-fiscales","status":"publish","type":"post","link":"https:\/\/linitiative.ca\/International\/loi-de-finances-2021-le-directeur-general-des-impots-presente-les-reformes-fiscales\/","title":{"rendered":"Loi de finances 2021 : le Directeur g\u00e9n\u00e9ral des imp\u00f4ts pr\u00e9sente les r\u00e9formes fiscales"},"content":{"rendered":"<p>Le Directeur g\u00e9n\u00e9ral des Imp\u00f4ts \u00a0Modeste Moa Fatoing, a d\u00e9but\u00e9 ce jour dans la capitale \u00e9conomique Douala, une s\u00e9ance de travail de cinq jours, durant lesquels il \u00e9changera avec les op\u00e9rateurs \u00e9conomiques sur les r\u00e9formes fiscales et la loi de finance 2021. Pour cette journ\u00e9e du 16 f\u00e9vrier, il a tenu une rencontre avec les responsables de 250 entreprises ainsi que les regroupements socio-professionnels tels que le Gicam (Groupement inter-patronal du Cameroun), Mecam (mouvement des entrepreneurs du Cameroun).<\/p>\n<p><strong>Lire aussi<\/strong> : <a href=\"https:\/\/ecomatin.net\/budget-2021-lexecution-est-lancee\/\">Budget 2021: l\u2019ex\u00e9cution est lanc\u00e9e !<\/a><\/p>\n<p>Pour rappel la loi de finances a \u00e9t\u00e9 lanc\u00e9e le 12 janvier 2021 dans la ville d\u2019Eboloa par le ministre des Finances Louis Paul Motaze. Equilibr\u00e9e en recettes et en d\u00e9penses \u00e0 4,865 milliards de Fcfa, soit\u00a04,670 milliards au titre du budget g\u00e9n\u00e9ral et 195,200 milliards pour les comptes d\u2019affectation sp\u00e9ciale, a pour but de r\u00e9duire progressivement le d\u00e9ficit budg\u00e9taire \u00e0 moyen terme dans le souci de garantir la soutenabilit\u00e9 des finances publiques, la viabilit\u00e9 de la dette et la stabilit\u00e9 macro\u00e9conomique. les principaux objectifs du gouvernement au cours de\u00a0 son ex\u00e9cution \u00e9tant de \u00ab renforcer le syst\u00e8me de sant\u00e9 afin de pr\u00e9venir la propagation du virus et de garantir aux populations une meilleure qualit\u00e9 de soins ; de maintenir une veille s\u00e9curitaire dans les r\u00e9gions affect\u00e9es par les crises et impl\u00e9menter le plan pr\u00e9sidentiel de reconstruction et de et de d\u00e9veloppement desdites r\u00e9gions; parachever l\u2019organisation des comp\u00e9titions sportives internationales notamment le Chan 2021 et la Can 2022 ; d\u2019acc\u00e9l\u00e9rer le processus de d\u00e9centralisation et enfin, de relancer l\u2019appareil de production de notre pays \u00e0 travers la mise en \u0153uvre de la politique de l\u2019import-substitution\u00bb, expliquait alors \u00a0Louis Paul Motaze.<\/p>\n<p><strong>Lire aussi<\/strong> : <a href=\"https:\/\/ecomatin.net\/fiscalite-ce-qui-attend-le-contribuable-camerounais-en-2021\/\">Fiscalit\u00e9 : ce qui attend le contribuable camerounais en 2021<\/a><\/p>\n<p>Parmi les innovations de ce budget qui sont d\u00e9j\u00e0 connus, l\u2019on note sur le plan de la fiscalit\u00e9 que le gouvernement entend\u00a0faire passer la pression fiscale de 11,4% du PIB en 2020 \u00e0 12,3% du PIB. A cela s\u2019ajoute l\u2019av\u00e8nement du renforcement de la protection des droits des contribuables \u00e0 travers d\u2019une part, le r\u00e9am\u00e9nagement des m\u00e9canismes d\u2019exercice des voies de recours, d\u2019autre part\u00a0; l\u2019institution d\u2019une deuxi\u00e8me instance ind\u00e9pendante d\u2019examen desdits recours; la prorogation de la p\u00e9riode de report des d\u00e9ficits fiscaux au profit des \u00e9tablissements de cr\u00e9dit et des entreprises du portefeuille de l\u2019\u00c9tat en restructuration; l\u2019affirmation du principe d\u2019une d\u00e9claration fiscale annuelle r\u00e9capitulative simplifi\u00e9e par contribuable.<\/p>\n<p>Autre innovation, c\u2019est l\u2019op\u00e9rationnalisation de la politique d\u2019import-substitution, qui implique la r\u00e9duction consid\u00e9rable du volume des importations des produits de grande consommation (riz, poisson, bl\u00e9, ma\u00efs, etc.), qui sont source de sortie massive des capitaux et de d\u00e9pendance alimentaire.\u00a0Pour parvenir \u00e0 ce r\u00e9sultat, le gouvernement se propose d\u2019une part, d\u2019exon\u00e9rer de droits et taxes de douane des \u00e9quipements et intrants destin\u00e9s \u00e0 l\u2019agriculture, \u00e0 la p\u00eache, \u00e0 l\u2019\u00e9levage et \u00e0 l\u2019industrie pharmaceutique, en vue d\u2019encourager les investissements dans ces secteurs d\u2019activit\u00e9s et ainsi d\u2019accro\u00eetre la production locale.<\/p>\n<p><strong>Lire aussi<\/strong> : <a href=\"https:\/\/ecomatin.net\/loi-de-finances-2021-le-top-depart-sera-pris-le-12-janvier\/\">Loi de finances 2021 : le top d\u00e9part sera pris le 12 janvier<\/a><\/p>\n<p>Toujours frapp\u00e9 par la crise du Covid-19, le budget pr\u00e9voit pour les secteurs directement affect\u00e9s une prorogation d\u2019une ann\u00e9e suppl\u00e9mentaire de la p\u00e9riode de report des d\u00e9ficits fiscaux et des amortissements r\u00e9put\u00e9s diff\u00e9r\u00e9s ; la cons\u00e9cration de la d\u00e9ductibilit\u00e9 des moins-values sur cession de cr\u00e9ances des entreprises en restructuration affect\u00e9es par la crise ; l\u2019enregistrement au droit fixe des cessions de cr\u00e9ances des entreprises en restructuration affect\u00e9es par la crise\u2026<\/p>\n<p>Auteur: Cindy MBALA<br \/>\n<a href=\"https:\/\/ecomatin.net\/loi-de-finances-2021-le-directeur-general-des-impots-presente-les-reformes-fiscales\/\">Cliquez ici pour lire l&rsquo;article depuis sa source.<\/a><\/p>\n","protected":false},"excerpt":{"rendered":"<p>Le Directeur g\u00e9n\u00e9ral des Imp\u00f4ts \u00a0Modeste Moa Fatoing, a d\u00e9but\u00e9 ce jour dans la capitale \u00e9conomique Douala, une s\u00e9ance de travail de cinq jours, durant lesquels il \u00e9changera avec les op\u00e9rateurs \u00e9conomiques sur les r\u00e9formes fiscales et la loi de finance 2021. Pour cette journ\u00e9e du 16 f\u00e9vrier, il a tenu une rencontre avec les [&hellip;]<\/p>\n","protected":false},"author":1969,"featured_media":0,"comment_status":"closed","ping_status":"closed","sticky":false,"template":"","format":"standard","meta":{"fifu_image_url":"","fifu_image_alt":"","footnotes":""},"categories":[82,78],"tags":[],"class_list":["post-111415","post","type-post","status-publish","format-standard","hentry","category-cameroun","category-economie"],"_links":{"self":[{"href":"https:\/\/linitiative.ca\/International\/wp-json\/wp\/v2\/posts\/111415","targetHints":{"allow":["GET"]}}],"collection":[{"href":"https:\/\/linitiative.ca\/International\/wp-json\/wp\/v2\/posts"}],"about":[{"href":"https:\/\/linitiative.ca\/International\/wp-json\/wp\/v2\/types\/post"}],"author":[{"embeddable":true,"href":"https:\/\/linitiative.ca\/International\/wp-json\/wp\/v2\/users\/1969"}],"replies":[{"embeddable":true,"href":"https:\/\/linitiative.ca\/International\/wp-json\/wp\/v2\/comments?post=111415"}],"version-history":[{"count":0,"href":"https:\/\/linitiative.ca\/International\/wp-json\/wp\/v2\/posts\/111415\/revisions"}],"wp:attachment":[{"href":"https:\/\/linitiative.ca\/International\/wp-json\/wp\/v2\/media?parent=111415"}],"wp:term":[{"taxonomy":"category","embeddable":true,"href":"https:\/\/linitiative.ca\/International\/wp-json\/wp\/v2\/categories?post=111415"},{"taxonomy":"post_tag","embeddable":true,"href":"https:\/\/linitiative.ca\/International\/wp-json\/wp\/v2\/tags?post=111415"}],"curies":[{"name":"wp","href":"https:\/\/api.w.org\/{rel}","templated":true}]}}