{"id":111418,"date":"2021-02-16T18:18:02","date_gmt":"2021-02-16T23:18:02","guid":{"rendered":"https:\/\/linitiative.ca\/International\/boycott-electoral-nous-serons-surpris-des-resultats-de-lenquete-ouattara\/"},"modified":"2021-02-16T18:18:02","modified_gmt":"2021-02-16T23:18:02","slug":"boycott-electoral-nous-serons-surpris-des-resultats-de-lenquete-ouattara","status":"publish","type":"post","link":"https:\/\/linitiative.ca\/International\/boycott-electoral-nous-serons-surpris-des-resultats-de-lenquete-ouattara\/","title":{"rendered":"Boycott \u00e9lectoral: \u00ab\u00a0nous serons surpris des r\u00e9sultats\u00a0\u00bb de l\u2019enqu\u00eate (Ouattara)"},"content":{"rendered":"<div readability=\"32\">\n<p>Publi\u00e9 le 17.02.2021 \u00e0 00h18 par APA News<\/p>\n<\/div>\n<div readability=\"96\">\n<p>Le chef de l\u2019Etat ivoirien Alassane Ouattara a d\u00e9clar\u00e9, mardi , que les gens \u00ab\u00a0seront surpris des r\u00e9sultats\u00a0\u00bb de l\u2019enqu\u00eate sur le boycott \u00e9lectoral li\u00e9 \u00e0 la pr\u00e9sidentielle du 31 octobre 2020, impliquant des leaders politiques.<\/p>\n<p>M. Ouattara s\u2019exprimait \u00e0 Abidjan \u00e0 l\u2019occasion d\u2019une c\u00e9r\u00e9monie d\u2019investiture des candidats du Rassemblement des Houphou\u00ebtistes pour la d\u00e9mocratie et la paix (Rhdp, pouvoir) pour les \u00e9lections l\u00e9gislatives du 6 mars 2021. \u00a0<\/p>\n<p>Apr\u00e8s les diff\u00e9rentes p\u00e9riodes de tension, suite \u00e0 l\u2019\u00e9lection pr\u00e9sidentielle du 31 octobre 2020, des libert\u00e9s conditionnelles ont \u00e9t\u00e9 accord\u00e9es \u00e0 des personnes impliqu\u00e9es dans les violences qui ont \u00e9maill\u00e9 le scrutin. \u00a0<\/p>\n<p>Parmi ces personnes, M. Ouattara a cit\u00e9 le pr\u00e9sident du Front populaire ivoirien (FPI, opposition) Pascal Affi Nguessan et le secr\u00e9taire ex\u00e9cutif en chef du Parti d\u00e9mocratique de C\u00f4te d\u2019Ivoire (Pdci, opposition), Kakou Guikahu\u00e9.\u00a0<\/p>\n<p>\u00ab\u00a0Je voudrais signaler que ce sont des libert\u00e9s conditionnelles. Cependant, les enqu\u00eates se poursuivent afin de situer toutes les responsabilit\u00e9s. Et je dois dire que nous serons surpris des r\u00e9sultats de cette enqu\u00eate quant \u00e0 l\u2019implication de certaines personnalit\u00e9s que nous pensons vraiment \u00eatre des personnes de grande sagesse et de grande probit\u00e9\u00a0\u00bb, a dit M. Ouattara. \u00a0<\/p>\n<p>Pour le pr\u00e9sident ivoirien, Alassane Ouattara, il faut \u00ab\u00a0mettre fin \u00e0 l\u2019impunit\u00e9 et renforcer la d\u00e9mocratie\u00a0\u00bb dans le pays. Car, \u00ab\u00a0la r\u00e9conciliation ne peut pas se faire sans justice\u00a0\u00bb.\u00a0<\/p>\n<p>M. Ouattara qui avait d\u00e9cid\u00e9 de se retirer, s\u2019est port\u00e9 candidat \u00e0 la pr\u00e9sidentielle du 31 octobre 2021, apr\u00e8s \u00a0le d\u00e9c\u00e8s du candidat du Rhdp (pouvoir), l\u2019ex-Premier ministre de C\u00f4te d\u2019Ivoire Amadou Gon Coulibaly.\u00a0<\/p>\n<p>\u00ab\u00a0Je voudrais vous dire un grand merci et je pense que vous avez eu raison (en me demandant d\u2019\u00eatre candidat)\u00a0\u00bb, a dit M. Ouattara aux militants, ajoutant \u00ab\u00a0nous ne pouvons pas laisser la C\u00f4te d\u2019Ivoire aux mains de manipulateurs et de d\u00e9stabilisateurs\u00a0\u00bb.<\/p>\n<p>Plusieurs responsables de l\u2019opposition, mis aux arr\u00eats apr\u00e8s le boycott de l\u2019\u00e9lection pr\u00e9sidentielle et la mise en place du Conseil national de transition, sens\u00e9 se substituer aux institutions de la R\u00e9publique, ont \u00e9t\u00e9 lib\u00e9r\u00e9s et mis sous contr\u00f4le judiciaire.\u00a0<\/p>\n<p>Le Conseil national de transition sera par la suite dissout. Toutefois, les enqu\u00eates judiciaires se poursuivent, mais la suspension de la proc\u00e9dure judiciaire permet actuellement \u00e0 certains leaders impliqu\u00e9s dans l\u2019enqu\u00eate de se pr\u00e9senter \u00e0 ces \u00e9lections l\u00e9gislatives.\u00a0<\/p>\n<\/div>\n<p>Auteur: APA News<br \/>\n<a href=\"https:\/\/www.journalducameroun.com\/boycott-electoral-nous-serons-surpris-des-resultats-de-lenquete-ouattara\/\">Cliquez ici pour lire l&rsquo;article depuis sa source.<\/a><\/p>\n","protected":false},"excerpt":{"rendered":"<p>Publi\u00e9 le 17.02.2021 \u00e0 00h18 par APA News Le chef de l\u2019Etat ivoirien Alassane Ouattara a d\u00e9clar\u00e9, mardi , que les gens \u00ab\u00a0seront surpris des r\u00e9sultats\u00a0\u00bb de l\u2019enqu\u00eate sur le boycott \u00e9lectoral li\u00e9 \u00e0 la pr\u00e9sidentielle du 31 octobre 2020, impliquant des leaders politiques. M. Ouattara s\u2019exprimait \u00e0 Abidjan \u00e0 l\u2019occasion d\u2019une c\u00e9r\u00e9monie d\u2019investiture des [&hellip;]<\/p>\n","protected":false},"author":1965,"featured_media":0,"comment_status":"closed","ping_status":"closed","sticky":false,"template":"","format":"standard","meta":{"fifu_image_url":"","fifu_image_alt":"","footnotes":""},"categories":[73,82],"tags":[],"class_list":["post-111418","post","type-post","status-publish","format-standard","hentry","category-actualite","category-cameroun"],"_links":{"self":[{"href":"https:\/\/linitiative.ca\/International\/wp-json\/wp\/v2\/posts\/111418","targetHints":{"allow":["GET"]}}],"collection":[{"href":"https:\/\/linitiative.ca\/International\/wp-json\/wp\/v2\/posts"}],"about":[{"href":"https:\/\/linitiative.ca\/International\/wp-json\/wp\/v2\/types\/post"}],"author":[{"embeddable":true,"href":"https:\/\/linitiative.ca\/International\/wp-json\/wp\/v2\/users\/1965"}],"replies":[{"embeddable":true,"href":"https:\/\/linitiative.ca\/International\/wp-json\/wp\/v2\/comments?post=111418"}],"version-history":[{"count":0,"href":"https:\/\/linitiative.ca\/International\/wp-json\/wp\/v2\/posts\/111418\/revisions"}],"wp:attachment":[{"href":"https:\/\/linitiative.ca\/International\/wp-json\/wp\/v2\/media?parent=111418"}],"wp:term":[{"taxonomy":"category","embeddable":true,"href":"https:\/\/linitiative.ca\/International\/wp-json\/wp\/v2\/categories?post=111418"},{"taxonomy":"post_tag","embeddable":true,"href":"https:\/\/linitiative.ca\/International\/wp-json\/wp\/v2\/tags?post=111418"}],"curies":[{"name":"wp","href":"https:\/\/api.w.org\/{rel}","templated":true}]}}