{"id":111419,"date":"2021-02-16T17:38:51","date_gmt":"2021-02-16T22:38:51","guid":{"rendered":"https:\/\/linitiative.ca\/International\/letat-islamique-a-perdu-son-emprise-emmanuel-macron\/"},"modified":"2021-02-16T17:38:51","modified_gmt":"2021-02-16T22:38:51","slug":"letat-islamique-a-perdu-son-emprise-emmanuel-macron","status":"publish","type":"post","link":"https:\/\/linitiative.ca\/International\/letat-islamique-a-perdu-son-emprise-emmanuel-macron\/","title":{"rendered":"\u00ab L\u2019Etat islamique a perdu son emprise \u00bb, Emmanuel Macron"},"content":{"rendered":"<div class=\"td-post-featured-image\"><a href=\"https:\/\/www.sidwaya.info\/wp-content\/uploads\/2021\/02\/mACRON17.jpg\" data-caption=\"\"><img loading=\"lazy\" decoding=\"async\" width=\"696\" height=\"432\" class=\"entry-thumb td-modal-image\" src=\"https:\/\/www.sidwaya.info\/wp-content\/uploads\/2021\/02\/mACRON17-696x432.jpg\" srcset=\"https:\/\/www.sidwaya.info\/wp-content\/uploads\/2021\/02\/mACRON17-696x432.jpg 696w, https:\/\/www.sidwaya.info\/wp-content\/uploads\/2021\/02\/mACRON17-300x186.jpg 300w, https:\/\/www.sidwaya.info\/wp-content\/uploads\/2021\/02\/mACRON17-768x477.jpg 768w, https:\/\/www.sidwaya.info\/wp-content\/uploads\/2021\/02\/mACRON17-150x93.jpg 150w, https:\/\/www.sidwaya.info\/wp-content\/uploads\/2021\/02\/mACRON17-676x420.jpg 676w, https:\/\/www.sidwaya.info\/wp-content\/uploads\/2021\/02\/mACRON17-356x220.jpg 356w, https:\/\/www.sidwaya.info\/wp-content\/uploads\/2021\/02\/mACRON17.jpg 787w\" sizes=\"auto, (max-width: 696px) 100vw, 696px\" alt=\"\" title=\"mACRON17\"\/><\/a><\/div>\n<p><strong>En marge du 7e sommet du G5 Sahel \u00e0 N\u2019Djam\u00e9na au Tchad, le pr\u00e9sident fran\u00e7ais, Emmanuel Macron, a anim\u00e9 une conf\u00e9rence de presse par Visio conf\u00e9rence, dans la matin\u00e9e du mardi 16 f\u00e9vrier 2021. Huit journalistes africains, dont le directeur g\u00e9n\u00e9ral des Editions Sidwaya, Mahamadi Ti\u00e9gna, y ont pris part.<\/strong><\/p>\n<p>N\u2019Djam\u00e9na, la capitale tchadienne a abrit\u00e9, les 15 et 16 f\u00e9vrier 2021, le 7e sommet du G5 Sahel. En marge de ce sommet, le pr\u00e9sident fran\u00e7ais Emmanuel Macron, a anim\u00e9 depuis Paris une conf\u00e9rence de presse par Visio conf\u00e9rence dans la matin\u00e9e du mardi 16 f\u00e9vier 2021. Une conf\u00e9rence \u00e0 laquelle ont pris part des journalistes fran\u00e7ais et africains dont le directeur g\u00e9n\u00e9ral des Editions Sidwaya Mahamadi Ti\u00e9gna. D\u00e8s l\u2019entame de sa d\u00e9claration, le pr\u00e9sident Macron a not\u00e9 que de \u00ab v\u00e9ritables r\u00e9sultats \u00bb ont \u00e9t\u00e9 obtenus dans la lutte contre le terrorisme dans le Sahel, un an apr\u00e8s le sommet de Pau. \u00ab L\u2019Organisation Etat islamique, le principal groupe op\u00e9rant dans la zone des trois fronti\u00e8res a perdu son emprise et subi de nombreuses pertes \u00bb, a-t-il indiqu\u00e9.<br \/>A ses dires, ces r\u00e9sultats sont \u00e0 mettre \u00e0 l\u2019actif de la<br \/>\u00ab bonne \u00bb coordination avec les arm\u00e9es sah\u00e9liennes par un m\u00e9canisme de commandement commun \u00e0 Niamey et la relance d\u2019op\u00e9rations communes d\u2019envergure comme \u00ab ECLIPSE \u00bb. Le pr\u00e9sident Macron a \u00e9galement salu\u00e9 la contribution des partenaires europ\u00e9ens \u00e9galement engag\u00e9s aux c\u00f4t\u00e9s des Sah\u00e9liens dans des op\u00e9rations de combat et des actions de formation. Pour lui, la r\u00e9ussite du Sommet de Pau en France n\u2019est pas seulement militaire, c\u2019est aussi une r\u00e9ussite d\u00e9mocratique. Le pr\u00e9sident fran\u00e7ais a salu\u00e9, \u00e0 cet effet, la tenue d\u2019\u00e9lections paisibles dans deux Etats sah\u00e9liens pourtant en proie \u00e0 la menace terroriste. \u00ab Le Burkina Faso a parachev\u00e9 ses \u00e9lections et le Niger est en train de les achever avec un premier tour qui s\u2019est tenu dans le calme et un second tour qui est pr\u00e9vu pour le 21 f\u00e9vrier, permettant \u00e0 ce pays de vivre sa premi\u00e8re transition d\u00e9mocratique pacifique depuis les ind\u00e9pendances \u00bb, a-t-il d\u00e9clar\u00e9.<br \/>Tout en se r\u00e9jouissant de ces acquis, le Pr\u00e9sident Macron a relev\u00e9 la n\u00e9cessit\u00e9 de renforcer les actions, car la menace demeure toujours pr\u00e9sente. \u00ab La plus haute hi\u00e9rarchie des organisations affili\u00e9es \u00e0 Al-Qaida continue de nourrir un agenda djihadiste dans le Sahel. Nous devons donc avoir une action renforc\u00e9e afin d\u2019aller d\u00e9capiter ces organisations\u00bb, a soutenu M. Macron. C\u2019est en cela qu\u2019il a salu\u00e9 la tenue du sommet de N\u2019Djamena, \u00ab un moment d\u2019amplification de la dynamique militaire \u00bb. Parlant d\u2019amplification de la dynamique militaire, il s\u2019est r\u00e9joui de la d\u00e9cision prise par le pr\u00e9sident tchadien, Idriss Deby Itno, d\u2019envoyer 1200 soldats dans la zone dite des trois fronti\u00e8res.<br \/>\u00ab C\u2019est une d\u00e9cision forte et courageuse qui viendra conforter la force du G5 Sahel \u00bb, a-t-il appr\u00e9ci\u00e9.<\/p>\n<p>Un ennemi commun<\/p>\n<p>Revenant sur la pr\u00e9sence de la force fran\u00e7aise au Sahel, M. Macron a not\u00e9 qu\u2019elle ne vise aucun autre objectif que de participer \u00e0 la lutte contre un ennemi commun qui est le terrorisme islamique. De ce qu\u2019il a dit, environ 5 100 soldats fran\u00e7ais sont actuellement d\u00e9ploy\u00e9s dans la zone des trois fronti\u00e8res. A ce propos, il a not\u00e9 que des \u00e9volutions significatives seront apport\u00e9es \u00e0 leur dispositif militaire au Sahel, \u00ab en temps voulu \u00bb, mais elles n\u2019interviendront pas dans l\u2019imm\u00e9diat. \u00ab Il serait paradoxal d\u2019affaiblir notre dispositif au moment o\u00f9 nous disposons d\u2019un alignement politique et militaire favorable \u00e0 la r\u00e9alisation de nos objectifs \u00bb, a-t-il estim\u00e9. Le pr\u00e9sident Macron a, par ailleurs, insist\u00e9 sur la n\u00e9cessit\u00e9 de consolider la Force conjointe du G5 Sahel, par un financement p\u00e9renne.<br \/>\u00ab L\u2019Union europ\u00e9enne a \u00e9t\u00e9 au rendez-vous de ses engagements financiers permettant les \u00e9quipements. L\u2019Union \u00e9conomique et mon\u00e9taire ouest africaine (UEMOA) a pris \u00e9galement des engagements qu\u2019elle a honor\u00e9s. Nous devons donc continuer \u00e0 financer cette force dont les coups de fonctionnement annuel sont \u00e9valu\u00e9s \u00e0 40 millions d\u2019euros \u00bb, a-t-il laiss\u00e9 entendre. En plus de l\u2019amplification de la dynamique militaire, Macron a appel\u00e9 \u00e0 un sursaut civique pour r\u00e9investir les territoires d\u00e9laiss\u00e9s de la r\u00e9gion. Cela passe, \u00e0 son avis, par un r\u00e9engagement profond du Mali, du Burkina Faso et du Niger \u00e0 d\u00e9ployer pour l\u2019action civile, un dispositif comparable \u00e0 celui qui a \u00e9t\u00e9 mis en place pour l\u2019action militaire. \u00ab Il faut une action interminist\u00e9rielle men\u00e9e au plus haut niveau par les chefs d\u2019Etat eux-m\u00eames, un pilotage hebdomadaire et une coordination \u00e9troite afin d\u2019identifier tous les projets, nous assurer de leur bonne gouvernance et permettre le retour de l\u2019Etat et de ses projets de d\u00e9veloppement une fois que la victoire miliaire est acquise \u00bb, a-t-il argu\u00e9. Pour lui, c\u2019est sur ce dernier pilier que les efforts doivent d\u00e9sormais \u00eatre tourn\u00e9s et il a rassur\u00e9 les pays du Sahel du soutien de la France afin d\u2019atteindre cet objectif.<br \/>Une nouvelle r\u00e9union avec les chefs d\u2019Etat du G5 Sahel se tiendra, selon Emmanuel Macron, au Printemps pour faire le point des avanc\u00e9es concr\u00e8tes.<\/p>\n<p>Nad\u00e8ge YAMEOGO<\/p>\n<div class=\"td-a-rec td-a-rec-id-content_bottom tdi_33_c4f td_block_template_1\">\n<p><img loading=\"lazy\" decoding=\"async\" class=\"aligncenter size-full wp-image-27454\" src=\"https:\/\/www.sidwaya.info\/wp-content\/uploads\/2020\/10\/PUB-Bandeau-paiement-mobile-siteweb.jpg\" alt=\"\" width=\"728\" height=\"90\"\/><\/div>\n<p>Auteur: BM. Sidwaya<br \/>\n<a href=\"https:\/\/www.sidwaya.info\/blog\/2021\/02\/16\/letat-islamique-a-perdu-son-emprise-emmanuel-macron\/\">Cliquez ici pour lire l&rsquo;article depuis sa source.<\/a><\/p>\n","protected":false},"excerpt":{"rendered":"<p>En marge du 7e sommet du G5 Sahel \u00e0 N\u2019Djam\u00e9na au Tchad, le pr\u00e9sident fran\u00e7ais, Emmanuel Macron, a anim\u00e9 une conf\u00e9rence de presse par Visio conf\u00e9rence, dans la matin\u00e9e du mardi 16 f\u00e9vrier 2021. Huit journalistes africains, dont le directeur g\u00e9n\u00e9ral des Editions Sidwaya, Mahamadi Ti\u00e9gna, y ont pris part. N\u2019Djam\u00e9na, la capitale tchadienne a [&hellip;]<\/p>\n","protected":false},"author":1816,"featured_media":0,"comment_status":"closed","ping_status":"closed","sticky":false,"template":"","format":"standard","meta":{"fifu_image_url":"https:\/\/www.sidwaya.info\/wp-content\/uploads\/2021\/02\/mACRON17-696x432.jpg","fifu_image_alt":"\u00ab L\u2019Etat islamique a perdu son emprise \u00bb, Emmanuel Macron","footnotes":""},"categories":[73,81],"tags":[],"class_list":["post-111419","post","type-post","status-publish","format-standard","hentry","category-actualite","category-burkina-faso"],"_links":{"self":[{"href":"https:\/\/linitiative.ca\/International\/wp-json\/wp\/v2\/posts\/111419","targetHints":{"allow":["GET"]}}],"collection":[{"href":"https:\/\/linitiative.ca\/International\/wp-json\/wp\/v2\/posts"}],"about":[{"href":"https:\/\/linitiative.ca\/International\/wp-json\/wp\/v2\/types\/post"}],"author":[{"embeddable":true,"href":"https:\/\/linitiative.ca\/International\/wp-json\/wp\/v2\/users\/1816"}],"replies":[{"embeddable":true,"href":"https:\/\/linitiative.ca\/International\/wp-json\/wp\/v2\/comments?post=111419"}],"version-history":[{"count":0,"href":"https:\/\/linitiative.ca\/International\/wp-json\/wp\/v2\/posts\/111419\/revisions"}],"wp:attachment":[{"href":"https:\/\/linitiative.ca\/International\/wp-json\/wp\/v2\/media?parent=111419"}],"wp:term":[{"taxonomy":"category","embeddable":true,"href":"https:\/\/linitiative.ca\/International\/wp-json\/wp\/v2\/categories?post=111419"},{"taxonomy":"post_tag","embeddable":true,"href":"https:\/\/linitiative.ca\/International\/wp-json\/wp\/v2\/tags?post=111419"}],"curies":[{"name":"wp","href":"https:\/\/api.w.org\/{rel}","templated":true}]}}