{"id":111422,"date":"2021-02-16T17:48:30","date_gmt":"2021-02-16T22:48:30","guid":{"rendered":"https:\/\/linitiative.ca\/International\/ngozi-okonjo-iweala-directrice-generale-de-lomc-une-femme-au-parcours-exceptionnel\/"},"modified":"2021-02-16T17:48:30","modified_gmt":"2021-02-16T22:48:30","slug":"ngozi-okonjo-iweala-directrice-generale-de-lomc-une-femme-au-parcours-exceptionnel","status":"publish","type":"post","link":"https:\/\/linitiative.ca\/International\/ngozi-okonjo-iweala-directrice-generale-de-lomc-une-femme-au-parcours-exceptionnel\/","title":{"rendered":"Ngozi Okonjo-Iweala, directrice g\u00e9n\u00e9rale de l\u2019OMC: une femme au parcours exceptionnel"},"content":{"rendered":"<div class=\"td-post-featured-image\"><a href=\"https:\/\/www.sidwaya.info\/wp-content\/uploads\/2021\/02\/omcsid07.jpg\" data-caption=\"\"><img loading=\"lazy\" decoding=\"async\" width=\"696\" height=\"426\" class=\"entry-thumb td-modal-image\" src=\"https:\/\/www.sidwaya.info\/wp-content\/uploads\/2021\/02\/omcsid07-696x426.jpg\" srcset=\"https:\/\/www.sidwaya.info\/wp-content\/uploads\/2021\/02\/omcsid07-696x426.jpg 696w, https:\/\/www.sidwaya.info\/wp-content\/uploads\/2021\/02\/omcsid07-300x184.jpg 300w, https:\/\/www.sidwaya.info\/wp-content\/uploads\/2021\/02\/omcsid07-768x470.jpg 768w, https:\/\/www.sidwaya.info\/wp-content\/uploads\/2021\/02\/omcsid07-150x92.jpg 150w, https:\/\/www.sidwaya.info\/wp-content\/uploads\/2021\/02\/omcsid07-686x420.jpg 686w, https:\/\/www.sidwaya.info\/wp-content\/uploads\/2021\/02\/omcsid07.jpg 787w\" sizes=\"auto, (max-width: 696px) 100vw, 696px\" alt=\"\" title=\"omcsid07\"\/><\/a><\/div>\n<p><strong>L\u2019Afrique a accueilli avec fiert\u00e9 la d\u00e9signation d\u2019une de ses filles au poste de directrice g\u00e9n\u00e9rale de l\u2019Organisation mondiale du commerce (OMC), le lundi 15 f\u00e9vrier 2021. Retour sur le parcours de cette \u00e9conomiste chevronn\u00e9e.<\/strong><\/p>\n<p>Nomm\u00e9e lundi 15 f\u00e9vrier 2020, Directrice g\u00e9n\u00e9rale (DG) de l\u2019Organisation mondiale du commerce (OMC), la Nig\u00e9riane Ngozi Okonjo-Iweala ouvre ainsi une nouvelle page de l\u2019histoire de l\u2019institution. Avec son \u00e9lection \u00ab Dr Ngozi \u00bb, comme on la surnomme, est la premi\u00e8re femme africaine \u00e0 occuper ce poste. Apr\u00e8s sa prise de fonction pr\u00e9vue le 1er mars 2021, la nouvelle DG de l\u2019OMC devrait s\u2019atteler \u00e0 renouer avec le multilat\u00e9ralisme. En effet, sa nomination par les 164 Etats membres de l\u2019organisation intervient dans un contexte mondial de crise \u00e9conomique et de crise de confiance en l\u2019institution, au moment o\u00f9 la lib\u00e9ralisation du commerce mondialis\u00e9 est vivement contest\u00e9e. \u00ab La mont\u00e9e des protectionnismes et du nationalisme \u00e0 travers le monde s\u2019est accentu\u00e9e avec la crise et les barri\u00e8res devraient \u00eatre abaiss\u00e9es pour relancer l\u2019\u00e9conomie \u00bb, a-t-elle d\u00e9clar\u00e9 \u00e0 l\u2019annonce de sa nomination.<br \/>Ngozi Okonjo-Iweala avait \u00e9t\u00e9 nomm\u00e9e en juillet 2020 envoy\u00e9e sp\u00e9ciale de l\u2019Union africaine dans la lutte contre la pand\u00e9mie sur le continent. Elle a pass\u00e9 la majorit\u00e9 de sa carri\u00e8re \u00e0 la Banque mondiale, pendant 25 ans.<br \/>Deux fois ministre des Finances et cheffe de la diplomatie pendant deux mois au Nig\u00e9ria, Mme Okonjo-Iweala est n\u00e9e en 1954 \u00e0 Ogwashi Ukwu, dans l\u2019Ouest du Nigeria. Elle a cependant pass\u00e9 la majeure partie de sa vie aux Etats-Unis o\u00f9 elle a \u00e9tudi\u00e9 dans deux prestigieuses universit\u00e9s, le Massachusetts Institute of Technology (MIT) et Harvard.<\/p>\n<p>Synth\u00e8se de Nad\u00e8ge YE<br \/>(Sources : libre ECO, Jeune Afrique)<\/p>\n<div class=\"td-a-rec td-a-rec-id-content_bottom tdi_33_338 td_block_template_1\">\n<p><img loading=\"lazy\" decoding=\"async\" class=\"aligncenter size-full wp-image-27454\" src=\"https:\/\/www.sidwaya.info\/wp-content\/uploads\/2020\/10\/PUB-Bandeau-paiement-mobile-siteweb.jpg\" alt=\"\" width=\"728\" height=\"90\"\/><\/div>\n<p>Auteur: BM. Sidwaya<br \/>\n<a href=\"https:\/\/www.sidwaya.info\/blog\/2021\/02\/16\/ngozi-okonjo-iweala-directrice-generale-de-lomc-une-femme-au-parcours-exceptionnel\/\">Cliquez ici pour lire l&rsquo;article depuis sa source.<\/a><\/p>\n","protected":false},"excerpt":{"rendered":"<p>L\u2019Afrique a accueilli avec fiert\u00e9 la d\u00e9signation d\u2019une de ses filles au poste de directrice g\u00e9n\u00e9rale de l\u2019Organisation mondiale du commerce (OMC), le lundi 15 f\u00e9vrier 2021. Retour sur le parcours de cette \u00e9conomiste chevronn\u00e9e. Nomm\u00e9e lundi 15 f\u00e9vrier 2020, Directrice g\u00e9n\u00e9rale (DG) de l\u2019Organisation mondiale du commerce (OMC), la Nig\u00e9riane Ngozi Okonjo-Iweala ouvre ainsi [&hellip;]<\/p>\n","protected":false},"author":1816,"featured_media":0,"comment_status":"closed","ping_status":"closed","sticky":false,"template":"","format":"standard","meta":{"fifu_image_url":"https:\/\/www.sidwaya.info\/wp-content\/uploads\/2021\/02\/omcsid07-696x426.jpg","fifu_image_alt":"Ngozi Okonjo-Iweala, directrice g\u00e9n\u00e9rale de l\u2019OMC: une femme au parcours exceptionnel","footnotes":""},"categories":[73,81],"tags":[],"class_list":["post-111422","post","type-post","status-publish","format-standard","hentry","category-actualite","category-burkina-faso"],"_links":{"self":[{"href":"https:\/\/linitiative.ca\/International\/wp-json\/wp\/v2\/posts\/111422","targetHints":{"allow":["GET"]}}],"collection":[{"href":"https:\/\/linitiative.ca\/International\/wp-json\/wp\/v2\/posts"}],"about":[{"href":"https:\/\/linitiative.ca\/International\/wp-json\/wp\/v2\/types\/post"}],"author":[{"embeddable":true,"href":"https:\/\/linitiative.ca\/International\/wp-json\/wp\/v2\/users\/1816"}],"replies":[{"embeddable":true,"href":"https:\/\/linitiative.ca\/International\/wp-json\/wp\/v2\/comments?post=111422"}],"version-history":[{"count":0,"href":"https:\/\/linitiative.ca\/International\/wp-json\/wp\/v2\/posts\/111422\/revisions"}],"wp:attachment":[{"href":"https:\/\/linitiative.ca\/International\/wp-json\/wp\/v2\/media?parent=111422"}],"wp:term":[{"taxonomy":"category","embeddable":true,"href":"https:\/\/linitiative.ca\/International\/wp-json\/wp\/v2\/categories?post=111422"},{"taxonomy":"post_tag","embeddable":true,"href":"https:\/\/linitiative.ca\/International\/wp-json\/wp\/v2\/tags?post=111422"}],"curies":[{"name":"wp","href":"https:\/\/api.w.org\/{rel}","templated":true}]}}