{"id":111423,"date":"2021-02-16T18:18:05","date_gmt":"2021-02-16T23:18:05","guid":{"rendered":"https:\/\/linitiative.ca\/International\/letat-ivoirien-invite-a-plafonner-les-loyers\/"},"modified":"2021-02-16T18:18:05","modified_gmt":"2021-02-16T23:18:05","slug":"letat-ivoirien-invite-a-plafonner-les-loyers","status":"publish","type":"post","link":"https:\/\/linitiative.ca\/International\/letat-ivoirien-invite-a-plafonner-les-loyers\/","title":{"rendered":"L\u2019Etat ivoirien invit\u00e9 \u00e0 plafonner  les loyers"},"content":{"rendered":"<div readability=\"32\">\n<p>Publi\u00e9 le 17.02.2021 \u00e0 00h18 par APA News<\/p>\n<\/div>\n<div readability=\"73\">\n<p>Le maire de Marcory, une commune situ\u00e9e dans le Sud d\u2019Abidjan, Aby Raoul a invit\u00e9, mardi, l\u2019Etat de C\u00f4te d\u2019Ivoire \u00e0 \u00abplafonner\u00bb les loyers des logements, d\u00e9non\u00e7ant une hausse du m\u00e8tre carr\u00e9 de terrain dans sa commune qui est pass\u00e9 de 150 000 FCFA \u00e0 500 000 FCFA.<\/p>\n<p>Selon une note d\u2019information transmise mardi \u00e0 APA, M. Aby s\u2019exprimait \u00e0 la tribune du Forum des directeurs de publication de C\u00f4te d\u2019Ivoire (FORDPCI) dont il \u00e9tait l\u2019invit\u00e9.<\/p>\n<p>\u00a0\u00ab Sur la question de la flamb\u00e9e des prix du logement dans sa commune, Aby Raoul a avou\u00e9 que le m\u00e8tre carr\u00e9 d\u2019un terrain dans sa commune est pass\u00e9 de 150 000 \u00e0 500 000 FCFA\u2026 il revient \u00e0 l\u2019Etat d\u2019encadrer. La mairie ne peut pas emp\u00eacher la loi de l\u2019offre et de la demande de s\u2019exprimer. Je pense que c\u2019est l\u2019Etat qui peut plafonner\u00bb, a rapport\u00e9 la note.<\/p>\n<p>Au cours de cette rencontre, M. Aby qui a fait son adresse autour du th\u00e8me, \u00a0\u00ab Bilan \u00e0 mi-parcours \u00e0 la t\u00eate de la mairie de Marcory\u00bb, a pr\u00e9sent\u00e9 de \u00a0\u00abmani\u00e8re d\u00e9taill\u00e9e\u00bb les 15 objectifs, 65 engagements que son \u00e9quipe et lui ont traduit en 14 projets.<\/p>\n<p>\u00a0Ainsi, \u00e0 en croire la note, le maire de Marcory a pass\u00e9 en revue plusieurs projets dont celui d\u00e9nomm\u00e9 \u00a0\u00ab Le ch\u00f4mage n\u2019est pas une fatalit\u00e9 \u00bb. \u00a0Selon lui, \u00a0ce projet permet chaque ann\u00e9e \u00e0 sa commune d\u2019octroyer 150 millions FCFA de prise en charge aux enfants de Marcory et de leur donner 1000 bons de permis de conduire et 25 millions FCFA pour la r\u00e9alisation des projets de jeunes.\u00a0<\/p>\n<p>\u00a0\u00ab \u00a0Le c\u0153ur de notre bataille c\u2019est la lutte contre le ch\u00f4mage\u00bb, a-t-il soutenu. Par ailleurs, le premier magistrat de Marcory, a \u00e9voqu\u00e9 la r\u00e9habilitation de certaines \u00e9coles de sa commune et un \u00a0\u00ab plan d\u2019urgence \u00a0\u00bb pour les quartiers d\u2019Anoumabo et d\u2019Aliodan.<\/p>\n<\/div>\n<p>Auteur: APA News<br \/>\n<a href=\"https:\/\/www.journalducameroun.com\/letat-ivoirien-invite-a-plafonner-les-loyers\/\">Cliquez ici pour lire l&rsquo;article depuis sa source.<\/a><\/p>\n","protected":false},"excerpt":{"rendered":"<p>Publi\u00e9 le 17.02.2021 \u00e0 00h18 par APA News Le maire de Marcory, une commune situ\u00e9e dans le Sud d\u2019Abidjan, Aby Raoul a invit\u00e9, mardi, l\u2019Etat de C\u00f4te d\u2019Ivoire \u00e0 \u00abplafonner\u00bb les loyers des logements, d\u00e9non\u00e7ant une hausse du m\u00e8tre carr\u00e9 de terrain dans sa commune qui est pass\u00e9 de 150 000 FCFA \u00e0 500 000 [&hellip;]<\/p>\n","protected":false},"author":1965,"featured_media":0,"comment_status":"closed","ping_status":"closed","sticky":false,"template":"","format":"standard","meta":{"fifu_image_url":"","fifu_image_alt":"","footnotes":""},"categories":[73,82],"tags":[],"class_list":["post-111423","post","type-post","status-publish","format-standard","hentry","category-actualite","category-cameroun"],"_links":{"self":[{"href":"https:\/\/linitiative.ca\/International\/wp-json\/wp\/v2\/posts\/111423","targetHints":{"allow":["GET"]}}],"collection":[{"href":"https:\/\/linitiative.ca\/International\/wp-json\/wp\/v2\/posts"}],"about":[{"href":"https:\/\/linitiative.ca\/International\/wp-json\/wp\/v2\/types\/post"}],"author":[{"embeddable":true,"href":"https:\/\/linitiative.ca\/International\/wp-json\/wp\/v2\/users\/1965"}],"replies":[{"embeddable":true,"href":"https:\/\/linitiative.ca\/International\/wp-json\/wp\/v2\/comments?post=111423"}],"version-history":[{"count":0,"href":"https:\/\/linitiative.ca\/International\/wp-json\/wp\/v2\/posts\/111423\/revisions"}],"wp:attachment":[{"href":"https:\/\/linitiative.ca\/International\/wp-json\/wp\/v2\/media?parent=111423"}],"wp:term":[{"taxonomy":"category","embeddable":true,"href":"https:\/\/linitiative.ca\/International\/wp-json\/wp\/v2\/categories?post=111423"},{"taxonomy":"post_tag","embeddable":true,"href":"https:\/\/linitiative.ca\/International\/wp-json\/wp\/v2\/tags?post=111423"}],"curies":[{"name":"wp","href":"https:\/\/api.w.org\/{rel}","templated":true}]}}