{"id":111425,"date":"2021-02-16T17:52:49","date_gmt":"2021-02-16T22:52:49","guid":{"rendered":"https:\/\/linitiative.ca\/International\/crise-securitaire-et-sanitaire-au-burkina-la-resilience-du-secteur-prive\/"},"modified":"2021-02-16T17:52:49","modified_gmt":"2021-02-16T22:52:49","slug":"crise-securitaire-et-sanitaire-au-burkina-la-resilience-du-secteur-prive","status":"publish","type":"post","link":"https:\/\/linitiative.ca\/International\/crise-securitaire-et-sanitaire-au-burkina-la-resilience-du-secteur-prive\/","title":{"rendered":"Crise s\u00e9curitaire et sanitaire au Burkina La r\u00e9silience du secteur priv\u00e9"},"content":{"rendered":"<div class=\"td-post-featured-image\"><a href=\"https:\/\/www.sidwaya.info\/wp-content\/uploads\/2021\/02\/crise-aliment17.jpg\" data-caption=\"\"><img loading=\"lazy\" decoding=\"async\" width=\"696\" height=\"417\" class=\"entry-thumb td-modal-image\" src=\"https:\/\/www.sidwaya.info\/wp-content\/uploads\/2021\/02\/crise-aliment17-696x417.jpg\" srcset=\"https:\/\/www.sidwaya.info\/wp-content\/uploads\/2021\/02\/crise-aliment17-696x417.jpg 696w, https:\/\/www.sidwaya.info\/wp-content\/uploads\/2021\/02\/crise-aliment17-300x180.jpg 300w, https:\/\/www.sidwaya.info\/wp-content\/uploads\/2021\/02\/crise-aliment17-768x460.jpg 768w, https:\/\/www.sidwaya.info\/wp-content\/uploads\/2021\/02\/crise-aliment17-150x90.jpg 150w, https:\/\/www.sidwaya.info\/wp-content\/uploads\/2021\/02\/crise-aliment17-702x420.jpg 702w, https:\/\/www.sidwaya.info\/wp-content\/uploads\/2021\/02\/crise-aliment17.jpg 787w\" sizes=\"auto, (max-width: 696px) 100vw, 696px\" alt=\"\" title=\"crise-aliment17\"\/><\/a><\/div>\n<p><strong>Une d\u00e9l\u00e9gation du bureau consulaire de la Chambre de commerce et d\u2019Industrie du Burkina Faso (CCI-BF) a abord\u00e9 l\u2019\u00e9tat de la sant\u00e9 du secteur priv\u00e9 au Burkina Faso au cours d\u2019une audience avec le Premier ministre, Christophe Joseph Marie Dabir\u00e9. C\u2019\u00e9tait le mardi 16 f\u00e9vrier 2021 \u00e0 Ouagadougou.<\/strong><\/p>\n<p>Le secteur priv\u00e9 burkinab\u00e8 se porte bien, malgr\u00e9 les contraintes impos\u00e9es par la pand\u00e9mie de la maladie \u00e0 coronavirus. C\u2019est ce qui est ressorti de l\u2019audience de la d\u00e9l\u00e9gation de la Chambre de commerce et d\u2019industrie du Burkina Faso (CCI-BF), avec le chef du gouvernement, Christophe Joseph Marie Dabir\u00e9 le mardi 16 f\u00e9vrier 2021. A l\u2019issue de l\u2019entretien, le premier vice-pr\u00e9sident de la CCI-BF Mamady Sanoh, porte-parole de la d\u00e9l\u00e9gation, a pr\u00e9sent\u00e9 la situation du secteur priv\u00e9 burkinab\u00e8 et sa contribution \u00e0 l\u2019\u00e9conomie nationale. Selon lui, le secteur priv\u00e9 burkinab\u00e8 se porte bien, malgr\u00e9 la double crise sanitaire et s\u00e9curitaire. Parlant de la crise sanitaire, les acteurs du secteur priv\u00e9 ont unanimement salu\u00e9 l\u2019accompagnement du gouvernement dans la r\u00e9silience des entreprises. Et M. Sanoh de pr\u00e9ciser que le secteur priv\u00e9 contribue, \u00e0 pr\u00e8s de 80% dans la formation du produit int\u00e9rieur brut et emploie plusieurs personnes. Il a aussi fait savoir que plusieurs r\u00e9alisations ont \u00e9t\u00e9 faites au cours de l\u2019ann\u00e9e \u00e9coul\u00e9e, avec \u00e0 la clef,<br \/>15 000 entreprises cr\u00e9\u00e9es, pour<br \/>175 milliards francs CFA d\u2019investissements priv\u00e9s en 2020 et<br \/>1 500 milliards FCFA de contribution aux recettes fiscales. Des chiffres qui indiquent l\u2019importante contribution du secteur priv\u00e9 \u00e0 la cr\u00e9ation de richesse et d\u2019emplois.<br \/>Toutefois, le climat des affaires n\u2019est pas toujours au beau fixe et les acteurs sont oblig\u00e9s de demander l\u2019accompagnement du gouvernement dans la conduite de leurs affaires.<br \/>\u00ab Nous devons ces r\u00e9sultats \u00e0 l\u2019assistance du gouvernement. Ainsi, nous sommes reconnaissants au Pr\u00e9sident du Faso, \u00e0 son Premier ministre ainsi qu\u2019\u00e0 l\u2019ensemble des membres du gouvernement pour les bons rapports. Le secteur priv\u00e9 a besoin de protection, afin de lui permettre de cr\u00e9er des emplois, d\u00e9velopper les entreprises et booster le d\u00e9veloppement \u00bb, a indiqu\u00e9 le premier vice-pr\u00e9sident de la CCI-BF.<\/p>\n<p>Wanl\u00e9 G\u00e9rard COULIBALY<\/p>\n<div class=\"td-a-rec td-a-rec-id-content_bottom tdi_33_13c td_block_template_1\">\n<p><img loading=\"lazy\" decoding=\"async\" class=\"aligncenter size-full wp-image-27454\" src=\"https:\/\/www.sidwaya.info\/wp-content\/uploads\/2020\/10\/PUB-Bandeau-paiement-mobile-siteweb.jpg\" alt=\"\" width=\"728\" height=\"90\"\/><\/div>\n<p>Auteur: BM. Sidwaya<br \/>\n<a href=\"https:\/\/www.sidwaya.info\/blog\/2021\/02\/16\/crise-securitaire-et-sanitaire-au-burkina-la-resilience-du-secteur-prive\/\">Cliquez ici pour lire l&rsquo;article depuis sa source.<\/a><\/p>\n","protected":false},"excerpt":{"rendered":"<p>Une d\u00e9l\u00e9gation du bureau consulaire de la Chambre de commerce et d\u2019Industrie du Burkina Faso (CCI-BF) a abord\u00e9 l\u2019\u00e9tat de la sant\u00e9 du secteur priv\u00e9 au Burkina Faso au cours d\u2019une audience avec le Premier ministre, Christophe Joseph Marie Dabir\u00e9. C\u2019\u00e9tait le mardi 16 f\u00e9vrier 2021 \u00e0 Ouagadougou. Le secteur priv\u00e9 burkinab\u00e8 se porte bien, [&hellip;]<\/p>\n","protected":false},"author":1816,"featured_media":0,"comment_status":"closed","ping_status":"closed","sticky":false,"template":"","format":"standard","meta":{"fifu_image_url":"https:\/\/www.sidwaya.info\/wp-content\/uploads\/2021\/02\/crise-aliment17-696x417.jpg","fifu_image_alt":"Crise s\u00e9curitaire et sanitaire au Burkina La r\u00e9silience du secteur priv\u00e9","footnotes":""},"categories":[73,81],"tags":[],"class_list":["post-111425","post","type-post","status-publish","format-standard","hentry","category-actualite","category-burkina-faso"],"_links":{"self":[{"href":"https:\/\/linitiative.ca\/International\/wp-json\/wp\/v2\/posts\/111425","targetHints":{"allow":["GET"]}}],"collection":[{"href":"https:\/\/linitiative.ca\/International\/wp-json\/wp\/v2\/posts"}],"about":[{"href":"https:\/\/linitiative.ca\/International\/wp-json\/wp\/v2\/types\/post"}],"author":[{"embeddable":true,"href":"https:\/\/linitiative.ca\/International\/wp-json\/wp\/v2\/users\/1816"}],"replies":[{"embeddable":true,"href":"https:\/\/linitiative.ca\/International\/wp-json\/wp\/v2\/comments?post=111425"}],"version-history":[{"count":0,"href":"https:\/\/linitiative.ca\/International\/wp-json\/wp\/v2\/posts\/111425\/revisions"}],"wp:attachment":[{"href":"https:\/\/linitiative.ca\/International\/wp-json\/wp\/v2\/media?parent=111425"}],"wp:term":[{"taxonomy":"category","embeddable":true,"href":"https:\/\/linitiative.ca\/International\/wp-json\/wp\/v2\/categories?post=111425"},{"taxonomy":"post_tag","embeddable":true,"href":"https:\/\/linitiative.ca\/International\/wp-json\/wp\/v2\/tags?post=111425"}],"curies":[{"name":"wp","href":"https:\/\/api.w.org\/{rel}","templated":true}]}}