{"id":111428,"date":"2021-02-16T17:59:06","date_gmt":"2021-02-16T22:59:06","guid":{"rendered":"https:\/\/linitiative.ca\/International\/un-prisonnier-activement-recherche\/"},"modified":"2021-02-16T17:59:06","modified_gmt":"2021-02-16T22:59:06","slug":"un-prisonnier-activement-recherche","status":"publish","type":"post","link":"https:\/\/linitiative.ca\/International\/un-prisonnier-activement-recherche\/","title":{"rendered":"Un prisonnier activement recherch\u00e9"},"content":{"rendered":"<p>Kantigui a intercept\u00e9 un avis de recherche du directeur de la Maison d\u2019arr\u00eat et de correction de Boromo. Dans ledit avis, le d\u00e9tenu, Isaac Abdoul Rasman\u00e9 Kalmogo, n\u00e9 le 6 septembre 1975 \u00e0 Ouagadougou, est recherch\u00e9.<br \/>Il se serait \u00e9vad\u00e9 au cours d\u2019une sortie qui lui a \u00e9t\u00e9 accord\u00e9e pour \u00ab assister sa femme qui devait subir une intervention chirurgicale \u00e0 Ouagadougou \u00bb. L\u2019avis de recherche pr\u00e9cise que le fugitif, incarc\u00e9r\u00e9 le 26 octobre 2020 \u00ab pour escroquerie portant sur des num\u00e9raires \u00bb, a \u00e9t\u00e9 condamn\u00e9 le 1er d\u00e9cembre 2020, \u00e0 24 mois ferme et un million F CFA d\u2019amende.<br \/>En cas d\u2019arrestation, a pu lire Kantigui dans l\u2019avis, il doit \u00eatre conduit devant le directeur de la Maison d\u2019arr\u00eat et de correction de Boromo, le procureur du Faso ou le directeur g\u00e9n\u00e9ral de la Garde de s\u00e9curit\u00e9 p\u00e9nitentiaire, ou encore appeler les num\u00e9ros : 78 05 34 12, 76 68 85 09, 20 53 81 64.<\/p>\n<p>Kantigui<br \/>kantigui2000@gmail.com<br \/>(+226) 25 31 22 89<\/p>\n<p><a href=\"https:\/\/www.sidwaya.info\/numerique\/\">\u00a0T\u00e9l\u00e9charger<\/a><\/p>\n<div class=\"td-a-rec td-a-rec-id-content_bottom tdi_33_d04 td_block_template_1\">\n<p><img loading=\"lazy\" decoding=\"async\" class=\"aligncenter size-full wp-image-27454\" src=\"https:\/\/www.sidwaya.info\/wp-content\/uploads\/2020\/10\/PUB-Bandeau-paiement-mobile-siteweb.jpg\" alt=\"\" width=\"728\" height=\"90\"\/><\/div>\n<p>Auteur: BM. Sidwaya<br \/>\n<a href=\"https:\/\/www.sidwaya.info\/blog\/2021\/02\/16\/un-prisonnier-activement-recherche\/\">Cliquez ici pour lire l&rsquo;article depuis sa source.<\/a><\/p>\n","protected":false},"excerpt":{"rendered":"<p>Kantigui a intercept\u00e9 un avis de recherche du directeur de la Maison d\u2019arr\u00eat et de correction de Boromo. Dans ledit avis, le d\u00e9tenu, Isaac Abdoul Rasman\u00e9 Kalmogo, n\u00e9 le 6 septembre 1975 \u00e0 Ouagadougou, est recherch\u00e9.Il se serait \u00e9vad\u00e9 au cours d\u2019une sortie qui lui a \u00e9t\u00e9 accord\u00e9e pour \u00ab assister sa femme qui devait [&hellip;]<\/p>\n","protected":false},"author":1816,"featured_media":0,"comment_status":"closed","ping_status":"closed","sticky":false,"template":"","format":"standard","meta":{"fifu_image_url":"https:\/\/www.sidwaya.info\/wp-content\/uploads\/2020\/10\/PUB-Bandeau-paiement-mobile-siteweb.jpg","fifu_image_alt":"Un prisonnier activement recherch\u00e9","footnotes":""},"categories":[73,81],"tags":[],"class_list":["post-111428","post","type-post","status-publish","format-standard","hentry","category-actualite","category-burkina-faso"],"_links":{"self":[{"href":"https:\/\/linitiative.ca\/International\/wp-json\/wp\/v2\/posts\/111428","targetHints":{"allow":["GET"]}}],"collection":[{"href":"https:\/\/linitiative.ca\/International\/wp-json\/wp\/v2\/posts"}],"about":[{"href":"https:\/\/linitiative.ca\/International\/wp-json\/wp\/v2\/types\/post"}],"author":[{"embeddable":true,"href":"https:\/\/linitiative.ca\/International\/wp-json\/wp\/v2\/users\/1816"}],"replies":[{"embeddable":true,"href":"https:\/\/linitiative.ca\/International\/wp-json\/wp\/v2\/comments?post=111428"}],"version-history":[{"count":0,"href":"https:\/\/linitiative.ca\/International\/wp-json\/wp\/v2\/posts\/111428\/revisions"}],"wp:attachment":[{"href":"https:\/\/linitiative.ca\/International\/wp-json\/wp\/v2\/media?parent=111428"}],"wp:term":[{"taxonomy":"category","embeddable":true,"href":"https:\/\/linitiative.ca\/International\/wp-json\/wp\/v2\/categories?post=111428"},{"taxonomy":"post_tag","embeddable":true,"href":"https:\/\/linitiative.ca\/International\/wp-json\/wp\/v2\/tags?post=111428"}],"curies":[{"name":"wp","href":"https:\/\/api.w.org\/{rel}","templated":true}]}}