{"id":111430,"date":"2021-02-16T18:18:05","date_gmt":"2021-02-16T23:18:05","guid":{"rendered":"https:\/\/linitiative.ca\/International\/covid-19-la-cote-divoire-enregistre-04-nouveaux-deces\/"},"modified":"2021-02-16T18:18:05","modified_gmt":"2021-02-16T23:18:05","slug":"covid-19-la-cote-divoire-enregistre-04-nouveaux-deces","status":"publish","type":"post","link":"https:\/\/linitiative.ca\/International\/covid-19-la-cote-divoire-enregistre-04-nouveaux-deces\/","title":{"rendered":"Covid-19: la C\u00f4te d\u2019Ivoire enregistre 04 nouveaux d\u00e9c\u00e8s"},"content":{"rendered":"<div readability=\"32\">\n<p>Publi\u00e9 le 17.02.2021 \u00e0 00h18 par APA News<\/p>\n<\/div>\n<div readability=\"60\">\n<p>La C\u00f4te d\u2019Ivoire a enregistr\u00e9, mardi, quatre nouveaux d\u00e9c\u00e8s de la Covid-19, annonce le minist\u00e8re de la Sant\u00e9 et de l\u2019hygi\u00e8ne publique dans son rapport quotidien transmis \u00e0 APA.<\/p>\n<p>Selon ce rapport, la C\u00f4te d\u2019Ivoire a enregistr\u00e9, mardi, 130 nouveaux cas de Covid-19 sur 2390 \u00e9chantillons pr\u00e9lev\u00e9s soit 5,4% de cas positifs, 157 personnes gu\u00e9ries et 04 d\u00e9c\u00e8s.<\/p>\n<p>\u00a0Ainsi, \u00e0 la date du 16 f\u00e9vrier 2021, la C\u00f4te d\u2019Ivoire compte donc 31 365 cas confirm\u00e9s dont 29 603 personnes gu\u00e9ries, 179 d\u00e9c\u00e8s et 1 583 cas actifs.<\/p>\n<p>Rappelant que le virus de la Covid-19 circule encore \u00a0\u00abactivement \u00bb dans le pays, le ministre de la sant\u00e9 et de l\u2019hygi\u00e8ne publique, Dr Eug\u00e8ne Aka Aou\u00e9l\u00e9 recommande \u00e0 toute la population le port de masque dans les lieux publics et les transports en commun.<\/p>\n<p>Depuis quelques semaines, l\u2019on note une r\u00e9surgence de cas de Covid-19 en C\u00f4te d\u2019Ivoire avec quasiment un ou des d\u00e9c\u00e8s chaque jour.<\/p>\n<\/div>\n<p>Auteur: APA News<br \/>\n<a href=\"https:\/\/www.journalducameroun.com\/covid-19-la-cote-divoire-enregistre-04-nouveaux-deces\/\">Cliquez ici pour lire l&rsquo;article depuis sa source.<\/a><\/p>\n","protected":false},"excerpt":{"rendered":"<p>Publi\u00e9 le 17.02.2021 \u00e0 00h18 par APA News La C\u00f4te d\u2019Ivoire a enregistr\u00e9, mardi, quatre nouveaux d\u00e9c\u00e8s de la Covid-19, annonce le minist\u00e8re de la Sant\u00e9 et de l\u2019hygi\u00e8ne publique dans son rapport quotidien transmis \u00e0 APA. Selon ce rapport, la C\u00f4te d\u2019Ivoire a enregistr\u00e9, mardi, 130 nouveaux cas de Covid-19 sur 2390 \u00e9chantillons pr\u00e9lev\u00e9s [&hellip;]<\/p>\n","protected":false},"author":1965,"featured_media":0,"comment_status":"closed","ping_status":"closed","sticky":false,"template":"","format":"standard","meta":{"fifu_image_url":"","fifu_image_alt":"","footnotes":""},"categories":[73,82],"tags":[],"class_list":["post-111430","post","type-post","status-publish","format-standard","hentry","category-actualite","category-cameroun"],"_links":{"self":[{"href":"https:\/\/linitiative.ca\/International\/wp-json\/wp\/v2\/posts\/111430","targetHints":{"allow":["GET"]}}],"collection":[{"href":"https:\/\/linitiative.ca\/International\/wp-json\/wp\/v2\/posts"}],"about":[{"href":"https:\/\/linitiative.ca\/International\/wp-json\/wp\/v2\/types\/post"}],"author":[{"embeddable":true,"href":"https:\/\/linitiative.ca\/International\/wp-json\/wp\/v2\/users\/1965"}],"replies":[{"embeddable":true,"href":"https:\/\/linitiative.ca\/International\/wp-json\/wp\/v2\/comments?post=111430"}],"version-history":[{"count":0,"href":"https:\/\/linitiative.ca\/International\/wp-json\/wp\/v2\/posts\/111430\/revisions"}],"wp:attachment":[{"href":"https:\/\/linitiative.ca\/International\/wp-json\/wp\/v2\/media?parent=111430"}],"wp:term":[{"taxonomy":"category","embeddable":true,"href":"https:\/\/linitiative.ca\/International\/wp-json\/wp\/v2\/categories?post=111430"},{"taxonomy":"post_tag","embeddable":true,"href":"https:\/\/linitiative.ca\/International\/wp-json\/wp\/v2\/tags?post=111430"}],"curies":[{"name":"wp","href":"https:\/\/api.w.org\/{rel}","templated":true}]}}