{"id":111433,"date":"2021-02-16T14:33:09","date_gmt":"2021-02-16T19:33:09","guid":{"rendered":"https:\/\/linitiative.ca\/International\/le-management-interculturel-en-afrique-la-renaissance-de-benoit-thery\/"},"modified":"2021-02-16T14:33:09","modified_gmt":"2021-02-16T19:33:09","slug":"le-management-interculturel-en-afrique-la-renaissance-de-benoit-thery","status":"publish","type":"post","link":"https:\/\/linitiative.ca\/International\/le-management-interculturel-en-afrique-la-renaissance-de-benoit-thery\/","title":{"rendered":"Le management interculturel en Afrique : La renaissance, de Benoit Th\u00e9ry"},"content":{"rendered":"<header>\n<div class=\"entry-post-meta\">\n<div class=\"author-link\">Publi\u00e9 par <a itemprop=\"author\" itemscope=\"itemscope\" itemtype=\"https:\/\/schema.org\/Person\" href=\"https:\/\/aujourdhui.ma\/author\/blio\" rel=\"author\"><span itemprop=\"name\">ALM<\/span><\/a><\/div>\n<p>Date\u00a0:<time content=\"2021-02-16T20:33:09+01:00\" class=\"entry-date updated\" datetime=\"2021-02-16T20:33:09+01:00\">f\u00e9vrier 16, 2021<\/time><\/p>\n<div class=\"entry-cat\">dans:<a href=\"https:\/\/aujourdhui.ma\/category\/culture\/livre\" rel=\"category tag\">Livre<\/a><\/div>\n<p>23Vues<\/p>\n<\/div>\n<\/header>\n<div class=\"entry-content clearfix\" readability=\"57\">\n<figure class=\"post-thumbnail\" itemprop=\"associatedMedia\" itemscope=\"itemscope\" itemtype=\"http:\/\/schema.org\/ImageObject\"><img decoding=\"async\" class=\"post_layout_5_img\" src=\"http:\/\/aujourdhui.ma\/wp-content\/uploads\/2021\/02\/Le-management-interculturel-en-Afrique.jpg\" alt=\"Le management interculturel en Afrique : La renaissance, de Benoit Th\u00e9ry\"\/><\/figure>\n<p><span class=\"c5\"><strong>Saisissant l\u2019opportunit\u00e9 de l\u2019\u00e9conomie de l\u2019Afrique qui d\u00e9colle, l\u2019auteur de l\u2019ouvrage propose aux cadres qui travaillent avec ce continent des cl\u00e9s de compr\u00e9hension et d\u2019adaptation pour leur management en relation avec les Africains.<\/strong><\/span><span id=\"more-368383\"\/><\/p>\n<p>La premi\u00e8re partie du livre pr\u00e9sente de fa\u00e7on synth\u00e9tique les fondements culturels de l\u2019Afrique, compl\u00e9t\u00e9e par un r\u00e9sum\u00e9 du contexte \u00e9conomique et social du continent actuel. La seconde est une illustration de cas d\u2019entreprises, de mod\u00e8les et de pratiques culturels du management. De cette mani\u00e8re, Benoit Th\u00e9ry offre aux managers des strat\u00e9gies et des solutions concr\u00e8tes d\u2019adaptation au contexte africain. Beno\u00eet Th\u00e9ry dirige un cabinet de conseil en d\u00e9veloppement international des ressources humaines : TIM Consultants (Groupe Interface). L\u2019auteur allie \u00e0 une longue pratique du conseil l\u2019exp\u00e9rience de deux expatriations et celle de nombreuses missions en Europe, en Afrique, en Am\u00e9rique et en Asie.<\/p>\n<p>Il travaille pour de grandes entreprises internationales comme Danone, EDF, France T\u00e9l\u00e9com, L\u2019Or\u00e9al, Saint-Gobain, Suez, TotalFinaElf, et aussi pour le minist\u00e8re des affaires \u00e9trang\u00e8res.<\/p>\n<p>EMS Editions (11 juin 2020)<\/p>\n<\/div>\n<p>Auteur: ALM<br \/>\n<a href=\"https:\/\/aujourdhui.ma\/culture\/livre\/le-management-interculturel-en-afrique-la-renaissance-de-benoit-thery\">Cliquez ici pour lire l&rsquo;article depuis sa source.<\/a><\/p>\n","protected":false},"excerpt":{"rendered":"<p>Publi\u00e9 par ALM Date\u00a0:f\u00e9vrier 16, 2021 dans:Livre 23Vues Saisissant l\u2019opportunit\u00e9 de l\u2019\u00e9conomie de l\u2019Afrique qui d\u00e9colle, l\u2019auteur de l\u2019ouvrage propose aux cadres qui travaillent avec ce continent des cl\u00e9s de compr\u00e9hension et d\u2019adaptation pour leur management en relation avec les Africains. La premi\u00e8re partie du livre pr\u00e9sente de fa\u00e7on synth\u00e9tique les fondements culturels de l\u2019Afrique, [&hellip;]<\/p>\n","protected":false},"author":1759,"featured_media":0,"comment_status":"closed","ping_status":"closed","sticky":false,"template":"","format":"standard","meta":{"fifu_image_url":"http:\/\/aujourdhui.ma\/wp-content\/uploads\/2021\/02\/Le-management-interculturel-en-Afrique.jpg","fifu_image_alt":"Le management interculturel en Afrique : La renaissance, de Benoit Th\u00e9ry","footnotes":""},"categories":[73,54],"tags":[],"class_list":["post-111433","post","type-post","status-publish","format-standard","hentry","category-actualite","category-maroc"],"_links":{"self":[{"href":"https:\/\/linitiative.ca\/International\/wp-json\/wp\/v2\/posts\/111433","targetHints":{"allow":["GET"]}}],"collection":[{"href":"https:\/\/linitiative.ca\/International\/wp-json\/wp\/v2\/posts"}],"about":[{"href":"https:\/\/linitiative.ca\/International\/wp-json\/wp\/v2\/types\/post"}],"author":[{"embeddable":true,"href":"https:\/\/linitiative.ca\/International\/wp-json\/wp\/v2\/users\/1759"}],"replies":[{"embeddable":true,"href":"https:\/\/linitiative.ca\/International\/wp-json\/wp\/v2\/comments?post=111433"}],"version-history":[{"count":0,"href":"https:\/\/linitiative.ca\/International\/wp-json\/wp\/v2\/posts\/111433\/revisions"}],"wp:attachment":[{"href":"https:\/\/linitiative.ca\/International\/wp-json\/wp\/v2\/media?parent=111433"}],"wp:term":[{"taxonomy":"category","embeddable":true,"href":"https:\/\/linitiative.ca\/International\/wp-json\/wp\/v2\/categories?post=111433"},{"taxonomy":"post_tag","embeddable":true,"href":"https:\/\/linitiative.ca\/International\/wp-json\/wp\/v2\/tags?post=111433"}],"curies":[{"name":"wp","href":"https:\/\/api.w.org\/{rel}","templated":true}]}}