{"id":111435,"date":"2021-02-16T16:39:41","date_gmt":"2021-02-16T21:39:41","guid":{"rendered":"https:\/\/linitiative.ca\/International\/can-mauritanie-u20-bonne-entree-en-la-matiere-du-onze-national\/"},"modified":"2021-02-16T16:39:41","modified_gmt":"2021-02-16T21:39:41","slug":"can-mauritanie-u20-bonne-entree-en-la-matiere-du-onze-national","status":"publish","type":"post","link":"https:\/\/linitiative.ca\/International\/can-mauritanie-u20-bonne-entree-en-la-matiere-du-onze-national\/","title":{"rendered":"CAN Mauritanie U20 : Bonne entr\u00e9e en la mati\u00e8re du Onze national"},"content":{"rendered":"<header>\n<div class=\"entry-post-meta\">\n<div class=\"author-link\">Publi\u00e9 par <a itemprop=\"author\" itemscope=\"itemscope\" itemtype=\"https:\/\/schema.org\/Person\" href=\"https:\/\/aujourdhui.ma\/author\/kaid\" rel=\"author\"><span itemprop=\"name\">ALM<\/span><\/a><\/div>\n<p>Date\u00a0:<time content=\"2021-02-16T22:39:41+01:00\" class=\"entry-date updated\" datetime=\"2021-02-16T22:39:41+01:00\">f\u00e9vrier 16, 2021<\/time><\/p>\n<div class=\"entry-cat\">dans:<a href=\"https:\/\/aujourdhui.ma\/category\/sports\" rel=\"category tag\">Sports<\/a>, <a href=\"https:\/\/aujourdhui.ma\/category\/une\" rel=\"category tag\">Une<\/a><\/div>\n<p>65Vues<\/p>\n<\/div>\n<\/header>\n<div class=\"entry-content clearfix\" readability=\"64\">\n<figure class=\"post-thumbnail\" itemprop=\"associatedMedia\" itemscope=\"itemscope\" itemtype=\"http:\/\/schema.org\/ImageObject\"><img decoding=\"async\" class=\"post_layout_5_img\" src=\"http:\/\/aujourdhui.ma\/wp-content\/uploads\/2021\/02\/Equipe-nationale-Maroc-U20-CAN-Mauritanie-U20.jpg\" alt=\"CAN Mauritanie U20 : Bonne entr\u00e9e en la mati\u00e8re du Onze national\"\/><\/figure>\n<p><span class=\"c5\"><strong>La s\u00e9lection nationale U20 de football s\u2019est impos\u00e9e face \u00e0 son homologue gambienne (1-0), en match comptant pour la premi\u00e8re journ\u00e9e (Groupe C) du premier tour de la Coupe d\u2019Afrique des nations (U20), disput\u00e9 mardi apr\u00e8s-midi \u00e0 Nouadhibou en Mauritanie.<\/strong><\/span><span id=\"more-368472\"\/><\/p>\n<p>L\u2019unique r\u00e9alisation des lionceaux de l\u2019Atlas a \u00e9t\u00e9 l\u2019\u0153uvre de Mehdi Moubarak \u00e0 la 25e sur penalty.<\/p>\n<p>Dans le m\u00eame groupe, la s\u00e9lection ghan\u00e9enne a \u00e9cras\u00e9 son homologue tanzanienne par 4-0.<\/p>\n<p>Lors de la prochaine journ\u00e9e, le onze national, qui prend part \u00e0 cette comp\u00e9tition apr\u00e8s 15 ans d\u2019absence, affrontera vendredi la Namibie avant de rencontrer la Tanzanie lundi prochain.<\/p>\n<p>Outre la Mauritanie, pays organisateur, 11 pays participent \u00e0 ce rendez-vous continental, \u00e0 savoir le Maroc, la Tunisie, la Gambie, l\u2019Ouganda, la Tanzanie, le Mozambique, la Namibie, le Ghana, le Burkina Faso, la Centrafrique et le Cameroun.<\/p>\n<\/div>\n<p>Auteur: ALM<br \/>\n<a href=\"https:\/\/aujourdhui.ma\/une\/can-mauritanie-u20-bonne-entree-en-la-matiere-du-onze-national\">Cliquez ici pour lire l&rsquo;article depuis sa source.<\/a><\/p>\n","protected":false},"excerpt":{"rendered":"<p>Publi\u00e9 par ALM Date\u00a0:f\u00e9vrier 16, 2021 dans:Sports, Une 65Vues La s\u00e9lection nationale U20 de football s\u2019est impos\u00e9e face \u00e0 son homologue gambienne (1-0), en match comptant pour la premi\u00e8re journ\u00e9e (Groupe C) du premier tour de la Coupe d\u2019Afrique des nations (U20), disput\u00e9 mardi apr\u00e8s-midi \u00e0 Nouadhibou en Mauritanie. L\u2019unique r\u00e9alisation des lionceaux de l\u2019Atlas [&hellip;]<\/p>\n","protected":false},"author":1759,"featured_media":0,"comment_status":"closed","ping_status":"closed","sticky":false,"template":"","format":"standard","meta":{"fifu_image_url":"http:\/\/aujourdhui.ma\/wp-content\/uploads\/2021\/02\/Equipe-nationale-Maroc-U20-CAN-Mauritanie-U20.jpg","fifu_image_alt":"CAN Mauritanie U20 : Bonne entr\u00e9e en la mati\u00e8re du Onze national","footnotes":""},"categories":[73,54],"tags":[],"class_list":["post-111435","post","type-post","status-publish","format-standard","hentry","category-actualite","category-maroc"],"_links":{"self":[{"href":"https:\/\/linitiative.ca\/International\/wp-json\/wp\/v2\/posts\/111435","targetHints":{"allow":["GET"]}}],"collection":[{"href":"https:\/\/linitiative.ca\/International\/wp-json\/wp\/v2\/posts"}],"about":[{"href":"https:\/\/linitiative.ca\/International\/wp-json\/wp\/v2\/types\/post"}],"author":[{"embeddable":true,"href":"https:\/\/linitiative.ca\/International\/wp-json\/wp\/v2\/users\/1759"}],"replies":[{"embeddable":true,"href":"https:\/\/linitiative.ca\/International\/wp-json\/wp\/v2\/comments?post=111435"}],"version-history":[{"count":0,"href":"https:\/\/linitiative.ca\/International\/wp-json\/wp\/v2\/posts\/111435\/revisions"}],"wp:attachment":[{"href":"https:\/\/linitiative.ca\/International\/wp-json\/wp\/v2\/media?parent=111435"}],"wp:term":[{"taxonomy":"category","embeddable":true,"href":"https:\/\/linitiative.ca\/International\/wp-json\/wp\/v2\/categories?post=111435"},{"taxonomy":"post_tag","embeddable":true,"href":"https:\/\/linitiative.ca\/International\/wp-json\/wp\/v2\/tags?post=111435"}],"curies":[{"name":"wp","href":"https:\/\/api.w.org\/{rel}","templated":true}]}}